{"id":5095,"date":"2006-08-03T18:22:00","date_gmt":"2006-08-03T17:22:00","guid":{"rendered":"http:\/\/www.andreas-edler.de\/blog\/2006\/08\/vorletzter-urlaubstag\/"},"modified":"2006-08-03T18:22:00","modified_gmt":"2006-08-03T17:22:00","slug":"vorletzter-urlaubstag","status":"publish","type":"post","link":"https:\/\/www.andreas-edler.de\/blog\/2006\/08\/vorletzter-urlaubstag\/","title":{"rendered":"Vorletzter Urlaubstag"},"content":{"rendered":"<p>Aber wenigstens trocken. So konnte ich die Dachrinne montieren. Sieht jetzt schon ein wenig nach Holzunterstand aus mit Dach, R\u00fcckwand und der Rinne. Bilder folgen sobald ich die Regentonne habe.<\/p>\n<p>Danach wollte ich mal wieder was weiter weg mit dem Rad. Bielefeld ist immer &#8217;ne ganz nette Tour. Temperaturm\u00e4\u00dfig sehr angenehm, aber leider etwas windig in Richtung Teutoburger Wald. Und dabei sah der Himmel immer so aus, als wenn er jeden Augenblick die Tore \u00f6ffnen w\u00fcrde. Kurz hinter dem Paketzentrum zwischen Herford und BI bummelte ich so rum, als mich pl\u00f6tzlich ein Rennradler \u00fcberholte. Da fiel mir auf, dass ich bei dem Gebummel meinen avisierten 25er Schnitt nicht hinbekomme. Habe mich also an den Renner geh\u00e4ngt &#8211; der auch nur mit um die 30 durch die Gegend fuhr. Das konnte ich bis zur ersten Tanke in BI locker halten, dann ist er abgebogen.<\/p>\n<div class=\"bild\"><img decoding=\"async\" src=\"http:\/\/www.andreas-edler.de\/grafik\/blog\/20060803_patrick.jpg\"><\/div>\n<p>Am Jahnplatz habe ich versucht den Herrn Vtec bzw. danach den Chef zu erreichen, zwecks Cola Umtrunk oder \u00e4hnlichem, aber auf allen Leitungen nur ABs &#8230; dann nicht. Und wie ich noch so mit dem Handy am Ohr dumm rumstehe sehe ich an der Fu\u00dfg\u00e4ngerampel meinen alten Kumpel <a href=\"http:\/\/www.egoism-fashion.de\/\">Ugur<\/a>, der auf Promotiontour zu sein schien. Jedenfalls deutete ich seinen Musterkoffer so ;-) Nach ein paar Worten bin ich dann weiter Richtung Heeper Stra\u00dfe, um zu gucken, ob el Cheffe wirklich nicht da ist. Der hat das Telefon schon ein paar Mal \u00fcberh\u00f6rt. Aber ich musste ohne Besuch abfahren.<\/p>\n<p>Also wieder zur\u00fcck. Auf halber Strecke nach Herford, dachte ich mir, dass ich mir vielleicht mal gr\u00fcne Schlafzimmer in Natura ansehen k\u00f6nnte. Aber der Bewohner des oben abgebildeten Hauses weilte ebenfalls nicht in seiner Wohnung. Weiter. An Humana vorbei, durch die Herforder Innenstadt und als ich vor der Fu\u00dfg\u00e4ngerampel am Saturn stehe, wartet auf der gegen\u00fcberliegenden Seite schon wieder Ugur. Kerl, was bin ich mit dem Rad schnell ;-) Oder er hat ein langsames Auto *g* Nach ein paar Worte fuhr ich dann Richtung Kasernen, an der Tanke noch schnell die Trinkflasche auff\u00fcllen. Nun wei\u00df ich auch, dass &#8222;O\u00b2active &#8211; Magnesium&#8220; richtig Schei\u00dfe schmeckt. Aber Orange hatten sie nicht.<\/p>\n<p>Kurz darauf war ich dann zu Hause, der Himmel war schwarz, aber den Rasen habe ich noch fix gem\u00e4ht. Und nun scheint die Sonne. Komisches Wetter.<\/p>\n<p>71 Km | 22 Km\/h Schnitt | 2.100 Kalorien | 24\u00b0C<\/p>\n","protected":false},"excerpt":{"rendered":"<p>Aber wenigstens trocken. So konnte ich die Dachrinne montieren. Sieht jetzt schon ein wenig nach Holzunterstand aus mit Dach, R\u00fcckwand und der Rinne. Bilder folgen sobald ich die Regentonne habe. Danach wollte ich mal wieder was weiter weg mit dem &hellip;<\/p>\n<p class=\"read-more\"> <a class=\"more-link\" href=\"https:\/\/www.andreas-edler.de\/blog\/2006\/08\/vorletzter-urlaubstag\/\"> <span class=\"screen-reader-text\">Vorletzter Urlaubstag<\/span> Weiterlesen &raquo;<\/a><\/p>\n","protected":false},"author":1,"featured_media":0,"comment_status":"open","ping_status":"open","sticky":false,"template":"","format":"standard","meta":{"ngg_post_thumbnail":0,"activitypub_content_warning":"","activitypub_content_visibility":"","activitypub_max_image_attachments":2,"activitypub_interaction_policy_quote":"anyone","activitypub_status":"","footnotes":""},"categories":[1],"tags":[],"class_list":["post-5095","post","type-post","status-publish","format-standard","hentry","category-allgemein"],"share_on_mastodon":{"url":"","error":""},"_links":{"self":[{"href":"https:\/\/www.andreas-edler.de\/blog\/wp-json\/wp\/v2\/posts\/5095","targetHints":{"allow":["GET"]}}],"collection":[{"href":"https:\/\/www.andreas-edler.de\/blog\/wp-json\/wp\/v2\/posts"}],"about":[{"href":"https:\/\/www.andreas-edler.de\/blog\/wp-json\/wp\/v2\/types\/post"}],"author":[{"embeddable":true,"href":"https:\/\/www.andreas-edler.de\/blog\/wp-json\/wp\/v2\/users\/1"}],"replies":[{"embeddable":true,"href":"https:\/\/www.andreas-edler.de\/blog\/wp-json\/wp\/v2\/comments?post=5095"}],"version-history":[{"count":0,"href":"https:\/\/www.andreas-edler.de\/blog\/wp-json\/wp\/v2\/posts\/5095\/revisions"}],"wp:attachment":[{"href":"https:\/\/www.andreas-edler.de\/blog\/wp-json\/wp\/v2\/media?parent=5095"}],"wp:term":[{"taxonomy":"category","embeddable":true,"href":"https:\/\/www.andreas-edler.de\/blog\/wp-json\/wp\/v2\/categories?post=5095"},{"taxonomy":"post_tag","embeddable":true,"href":"https:\/\/www.andreas-edler.de\/blog\/wp-json\/wp\/v2\/tags?post=5095"}],"curies":[{"name":"wp","href":"https:\/\/api.w.org\/{rel}","templated":true}]}}