{"id":5076,"date":"2006-07-23T22:43:00","date_gmt":"2006-07-23T21:43:00","guid":{"rendered":"http:\/\/www.andreas-edler.de\/blog\/2006\/07\/traumurlaubswetter\/"},"modified":"2006-07-23T22:43:00","modified_gmt":"2006-07-23T21:43:00","slug":"traumurlaubswetter","status":"publish","type":"post","link":"https:\/\/www.andreas-edler.de\/blog\/2006\/07\/traumurlaubswetter\/","title":{"rendered":"Traumurlaubswetter"},"content":{"rendered":"<div class=\"bild\"><img decoding=\"async\" src=\"http:\/\/www.andreas-edler.de\/grafik\/blog\/20060723_ozzcam.jpg\"><\/div>\n<p>Sieht so aus, als wenn wir f\u00fcr unseren &#8222;Haupturlaub&#8220; noch eine Woche \u00fcberragendes Wetter erwischen w\u00fcrden. Wetteronline spricht jedenfalls bis Mitte der Woche von \u00fcber 30\u00b0 und bis Ende noch immer \u00fcber 25\u00b0. Geht doch. Allerdings d\u00fcrfte es abends jetzt ruhig etwas abk\u00fchlen, es mu\u00df um kurz vor Mitternacht nicht noch 26\u00b0 C haben. Vor allen Dingen nicht bei \u00fcber 50% Luftfeuchte. Ich hab&#8216; schon ein Handtuch auf dem Schreibtisch liegen, weil es mir sonst zu pekig wird.<\/p>\n<p>Heute im Osnabr\u00fccker Zoo hat es zwar etwas geregnet, aber das hat noch nicht einmal gest\u00f6rt. Es sah nicht so aus, als wenn deswegen auch nur ein Besucher den Park verlassen h\u00e4tte. Die sind alle ganz normal drau\u00dfen rumgerannt. So wie wir auch. Wobei normal relativ ist. Manche Leute gehen mir echt auf den Keks. So &#8217;ne 200 Kg Mama mit einer einzelnen langen roten Str\u00e4hne im ansonsten kurzen aber ungepflegten Haar, schrie \u00fcber ca. 15 Meter hinweg andere Kinder an, sie sollten das Karussel nicht so schnell drehen, da w\u00e4re ein Kleinkind mit drin.<\/p>\n<p>Na Herrgott! Soll sie <s>ihren Quadratarsch<\/s> sich halt in Bewegung setzen und nicht so rumschreien. Das habe ich mir dann auch in den Bart gegrummelt. Aber die Schrappnelle mu\u00df mit den Ohren eines Luchs gesegnet gewesen sein &#8211; wenn auch mit sonst nix &#8211; und schrie nun mich quer \u00fcber den Platz an, was ich da zu zu sagen h\u00e4tte. Tats\u00e4chlich ist mir einiges eingefallen, was mir wom\u00f6glich ein paar Lacher und ihr rote Ohren eingebracht h\u00e4tte. Da ich meine Dispute jedoch nicht auf der Couch bei Olli Gei\u00dfen austrage, habe ich sie schreien lassen.<\/p>\n<p>Das Karussel war \u00fcbrigens gar nicht zu schnell. Der Tochter hat&#8217;s Spa\u00df gemacht und sie w\u00e4re maximal in weichen Sand gefallen.<\/p>\n","protected":false},"excerpt":{"rendered":"<p>Sieht so aus, als wenn wir f\u00fcr unseren &#8222;Haupturlaub&#8220; noch eine Woche \u00fcberragendes Wetter erwischen w\u00fcrden. Wetteronline spricht jedenfalls bis Mitte der Woche von \u00fcber 30\u00b0 und bis Ende noch immer \u00fcber 25\u00b0. Geht doch. Allerdings d\u00fcrfte es abends jetzt &hellip;<\/p>\n<p class=\"read-more\"> <a class=\"more-link\" href=\"https:\/\/www.andreas-edler.de\/blog\/2006\/07\/traumurlaubswetter\/\"> <span class=\"screen-reader-text\">Traumurlaubswetter<\/span> Weiterlesen &raquo;<\/a><\/p>\n","protected":false},"author":1,"featured_media":0,"comment_status":"open","ping_status":"open","sticky":false,"template":"","format":"standard","meta":{"ngg_post_thumbnail":0,"activitypub_content_warning":"","activitypub_content_visibility":"","activitypub_max_image_attachments":2,"activitypub_interaction_policy_quote":"anyone","activitypub_status":"","footnotes":""},"categories":[1],"tags":[],"class_list":["post-5076","post","type-post","status-publish","format-standard","hentry","category-allgemein"],"share_on_mastodon":{"url":"","error":""},"_links":{"self":[{"href":"https:\/\/www.andreas-edler.de\/blog\/wp-json\/wp\/v2\/posts\/5076","targetHints":{"allow":["GET"]}}],"collection":[{"href":"https:\/\/www.andreas-edler.de\/blog\/wp-json\/wp\/v2\/posts"}],"about":[{"href":"https:\/\/www.andreas-edler.de\/blog\/wp-json\/wp\/v2\/types\/post"}],"author":[{"embeddable":true,"href":"https:\/\/www.andreas-edler.de\/blog\/wp-json\/wp\/v2\/users\/1"}],"replies":[{"embeddable":true,"href":"https:\/\/www.andreas-edler.de\/blog\/wp-json\/wp\/v2\/comments?post=5076"}],"version-history":[{"count":0,"href":"https:\/\/www.andreas-edler.de\/blog\/wp-json\/wp\/v2\/posts\/5076\/revisions"}],"wp:attachment":[{"href":"https:\/\/www.andreas-edler.de\/blog\/wp-json\/wp\/v2\/media?parent=5076"}],"wp:term":[{"taxonomy":"category","embeddable":true,"href":"https:\/\/www.andreas-edler.de\/blog\/wp-json\/wp\/v2\/categories?post=5076"},{"taxonomy":"post_tag","embeddable":true,"href":"https:\/\/www.andreas-edler.de\/blog\/wp-json\/wp\/v2\/tags?post=5076"}],"curies":[{"name":"wp","href":"https:\/\/api.w.org\/{rel}","templated":true}]}}