{"id":5062,"date":"2006-07-13T18:16:00","date_gmt":"2006-07-13T17:16:00","guid":{"rendered":"http:\/\/www.andreas-edler.de\/blog\/2006\/07\/ergon-griffe\/"},"modified":"2006-07-13T18:16:00","modified_gmt":"2006-07-13T17:16:00","slug":"ergon-griffe","status":"publish","type":"post","link":"https:\/\/www.andreas-edler.de\/blog\/2006\/07\/ergon-griffe\/","title":{"rendered":"Ergon-Griffe"},"content":{"rendered":"<div class=\"bild\"><img decoding=\"async\" src=\"http:\/\/www.andreas-edler.de\/grafik\/blog\/20060713_ergon_griffe.jpg\"><\/div>\n<p>Die Besprechung heute verlief glatter und somit schneller als erwartet. Da ich aufgrund der vorangegangen beiden durchwachten N\u00e4chte nicht unbedingt ein B\u00fcndel an geistiger Aufnahmef\u00e4higkeit bin, habe ich den Nachmittag geschw\u00e4nzt, Freitag Urlaub eingereicht und das Wochenende eingel\u00e4utet.<\/p>\n<p>Gestern bereits im Radladen nach neuen Griffen geschaut, weil mir nach knapp 50 Km auf dem Sub 30 die H\u00e4nde einschlafen. Da ich gestern meinen Gutschein vergessen hatte, habe ich die Griffe heute geholt und nat\u00fcrlich gleich montiert. Nach einer kurzen Runde kann ich mich nur fragen: Warum hast Du Idiot die nicht vorher schon benutzt? Das Griffgef\u00fchl ist klasse, die Handgelenke sind bequemer angewinkelt und der Handballen wird sehr sch\u00f6n abgest\u00fctzt. Bin erstmal v\u00f6llig begeistert.<\/p>\n<p>Wie sich die Griffe nach 50 Kilometern anf\u00fchlen mu\u00df ich erst ausprobieren. Jetzt entspanne ich erstmal bei &#8222;The Fast &#038; The Furious: Tokyo Drift&#8220; &#8230; wenn das geht.<\/p>\n","protected":false},"excerpt":{"rendered":"<p>Die Besprechung heute verlief glatter und somit schneller als erwartet. Da ich aufgrund der vorangegangen beiden durchwachten N\u00e4chte nicht unbedingt ein B\u00fcndel an geistiger Aufnahmef\u00e4higkeit bin, habe ich den Nachmittag geschw\u00e4nzt, Freitag Urlaub eingereicht und das Wochenende eingel\u00e4utet. Gestern bereits &hellip;<\/p>\n<p class=\"read-more\"> <a class=\"more-link\" href=\"https:\/\/www.andreas-edler.de\/blog\/2006\/07\/ergon-griffe\/\"> <span class=\"screen-reader-text\">Ergon-Griffe<\/span> Weiterlesen &raquo;<\/a><\/p>\n","protected":false},"author":1,"featured_media":0,"comment_status":"open","ping_status":"open","sticky":false,"template":"","format":"standard","meta":{"ngg_post_thumbnail":0,"activitypub_content_warning":"","activitypub_content_visibility":"","activitypub_max_image_attachments":2,"activitypub_interaction_policy_quote":"anyone","activitypub_status":"","footnotes":""},"categories":[15],"tags":[],"class_list":["post-5062","post","type-post","status-publish","format-standard","hentry","category-fahrrad"],"share_on_mastodon":{"url":"","error":""},"_links":{"self":[{"href":"https:\/\/www.andreas-edler.de\/blog\/wp-json\/wp\/v2\/posts\/5062","targetHints":{"allow":["GET"]}}],"collection":[{"href":"https:\/\/www.andreas-edler.de\/blog\/wp-json\/wp\/v2\/posts"}],"about":[{"href":"https:\/\/www.andreas-edler.de\/blog\/wp-json\/wp\/v2\/types\/post"}],"author":[{"embeddable":true,"href":"https:\/\/www.andreas-edler.de\/blog\/wp-json\/wp\/v2\/users\/1"}],"replies":[{"embeddable":true,"href":"https:\/\/www.andreas-edler.de\/blog\/wp-json\/wp\/v2\/comments?post=5062"}],"version-history":[{"count":0,"href":"https:\/\/www.andreas-edler.de\/blog\/wp-json\/wp\/v2\/posts\/5062\/revisions"}],"wp:attachment":[{"href":"https:\/\/www.andreas-edler.de\/blog\/wp-json\/wp\/v2\/media?parent=5062"}],"wp:term":[{"taxonomy":"category","embeddable":true,"href":"https:\/\/www.andreas-edler.de\/blog\/wp-json\/wp\/v2\/categories?post=5062"},{"taxonomy":"post_tag","embeddable":true,"href":"https:\/\/www.andreas-edler.de\/blog\/wp-json\/wp\/v2\/tags?post=5062"}],"curies":[{"name":"wp","href":"https:\/\/api.w.org\/{rel}","templated":true}]}}