{"id":5024,"date":"2006-06-24T15:36:00","date_gmt":"2006-06-24T14:36:00","guid":{"rendered":"http:\/\/www.andreas-edler.de\/blog\/2006\/06\/holzecke\/"},"modified":"2023-12-15T12:55:33","modified_gmt":"2023-12-15T11:55:33","slug":"holzecke","status":"publish","type":"post","link":"https:\/\/www.andreas-edler.de\/blog\/2006\/06\/holzecke\/","title":{"rendered":"Holzecke"},"content":{"rendered":"<div class=\"bild\"><img decoding=\"async\" src=\"http:\/\/www.andreas-edler.de\/grafik\/blog\/20060624_holzecke1.jpg\"><\/div>\n<p>Bis eben habe ich mal wieder etwas im Garten gebastelt. Irgendwann mu\u00df der Holzunterstand ja fertig werden. Meine Steinreste reichten nicht und ich musste mir noch 4 Betonplatte holen &#8230; aber die liegen ja immer irgendwo rum ;-) Der Boden ist nicht ganz gerade, aber es soll ja auch keiner in dem Unterstand wohnen, sondern es soll Kaminholz gestapelt werden.<\/p>\n<p>Auf jeden Fall ist der Teil fertig. Danach habe ich schon mal die St\u00e4nder und die Tragebalken f\u00fcr das Dach passig ges\u00e4gt und lose aufgelegt um zu sehen, wie gro\u00df das wird. Doch eher gro\u00df f\u00fcr das kleine Fleckchen Land hinter unserem Haus :-o Aber daf\u00fcr ordentlich und nicht mehr soviel Kraut und R\u00fcben.<\/p>\n<p>Nur aus den Augen kann ich jetzt fast gar nicht mehr gucken. Allergiker haben es bei so einem Wetter eben trotz Cortison nicht unbedingt einfach. Das juckt in den Augen und die Nase l\u00e4uft in einer Tour. Darum habe ich auch aufger\u00e4umt, gehe jetzt in die Dusche und lege mich dann auf&#8217;s Sofa und sehe zu, wie Deutschland die Schweden mit 2 zu 1 ablattet!<\/p>\n<p align=\"center\"><img decoding=\"async\" src=\"http:\/\/www.andreas-edler.de\/grafik\/blog\/20060624_holzecke2.jpg\"><\/p>\n","protected":false},"excerpt":{"rendered":"<p>Bis eben habe ich mal wieder etwas im Garten gebastelt. Irgendwann mu\u00df der Holzunterstand ja fertig werden. Meine Steinreste reichten nicht und ich musste mir noch 4 Betonplatte holen &#8230; aber die liegen ja immer irgendwo rum ;-) Der Boden &hellip;<\/p>\n<p class=\"read-more\"> <a class=\"more-link\" href=\"https:\/\/www.andreas-edler.de\/blog\/2006\/06\/holzecke\/\"> <span class=\"screen-reader-text\">Holzecke<\/span> Weiterlesen &raquo;<\/a><\/p>\n","protected":false},"author":1,"featured_media":0,"comment_status":"open","ping_status":"open","sticky":false,"template":"","format":"standard","meta":{"ngg_post_thumbnail":0,"activitypub_content_warning":"","activitypub_content_visibility":"","activitypub_max_image_attachments":2,"activitypub_interaction_policy_quote":"anyone","activitypub_status":"","footnotes":""},"categories":[22,1],"tags":[31,38,105],"class_list":["post-5024","post","type-post","status-publish","format-standard","hentry","category-basteln","category-allgemein","tag-garten","tag-haus","tag-holz"],"share_on_mastodon":{"url":"","error":""},"_links":{"self":[{"href":"https:\/\/www.andreas-edler.de\/blog\/wp-json\/wp\/v2\/posts\/5024","targetHints":{"allow":["GET"]}}],"collection":[{"href":"https:\/\/www.andreas-edler.de\/blog\/wp-json\/wp\/v2\/posts"}],"about":[{"href":"https:\/\/www.andreas-edler.de\/blog\/wp-json\/wp\/v2\/types\/post"}],"author":[{"embeddable":true,"href":"https:\/\/www.andreas-edler.de\/blog\/wp-json\/wp\/v2\/users\/1"}],"replies":[{"embeddable":true,"href":"https:\/\/www.andreas-edler.de\/blog\/wp-json\/wp\/v2\/comments?post=5024"}],"version-history":[{"count":0,"href":"https:\/\/www.andreas-edler.de\/blog\/wp-json\/wp\/v2\/posts\/5024\/revisions"}],"wp:attachment":[{"href":"https:\/\/www.andreas-edler.de\/blog\/wp-json\/wp\/v2\/media?parent=5024"}],"wp:term":[{"taxonomy":"category","embeddable":true,"href":"https:\/\/www.andreas-edler.de\/blog\/wp-json\/wp\/v2\/categories?post=5024"},{"taxonomy":"post_tag","embeddable":true,"href":"https:\/\/www.andreas-edler.de\/blog\/wp-json\/wp\/v2\/tags?post=5024"}],"curies":[{"name":"wp","href":"https:\/\/api.w.org\/{rel}","templated":true}]}}