{"id":5017,"date":"2006-06-20T22:51:00","date_gmt":"2006-06-20T21:51:00","guid":{"rendered":"http:\/\/www.andreas-edler.de\/blog\/2006\/06\/fahrad-fahren-in-munster\/"},"modified":"2014-04-10T13:53:56","modified_gmt":"2014-04-10T11:53:56","slug":"fahrrad-fahren-in-muenster","status":"publish","type":"post","link":"https:\/\/www.andreas-edler.de\/blog\/2006\/06\/fahrrad-fahren-in-muenster\/","title":{"rendered":"Fahrrad fahren in M\u00fcnster"},"content":{"rendered":"<div class=\"bild\"><img decoding=\"async\" src=\"http:\/\/www.andreas-edler.de\/grafik\/blog\/20060620_gang.jpg\"><\/div>\n<p>Wenn es um Musterbeispiele f\u00fcr Fahrradfreundlichkeit geht, wird M\u00fcnster genannt. Grund genug f\u00fcr mich, das mal auszuprobieren &#8211; wenn auch nur im Kleinen. Schlu\u00dfendlich hatte ich das Sub 30 doch noch hierhin bekommen und einer kleinen Tour stand nix im Wege. Also andere Klamotten angezogen und los.<\/p>\n<p>Von der Akademie weg fuhr ich Richtung Innenstadt und mu\u00dfte mich schon \u00fcber den putzigen Rad-\/Gehweg wundern. Sehr schmal, nur durch Leuchtpf\u00e4hle von der Fahrbahn getrennt und von rechts mit ulkigen B\u00fcchsen halb zugewuchert. Trotzdem waren recht viele Radler unterwegs, die man allerdings nicht ungehindert \u00fcberholen kann, da der durchschnittliche M\u00fcnsteraner Radler offensichtlich auf seinem Hollandrad nicht geradeaus fahren kann.<\/p>\n<p>Also Schulterblick, auf die Fahrbahn, am Torkler vorbei und wieder auf den Radweg &#8211; ich will mich ja an die Verkehrsregeln halten. Irgendwann war ich dann in der Innenstadt, in welcher sich die vorgebliche Radfreundlichkeit dadurch bemerkbar machte, dass man in einige Einbahnstra\u00dfen verkehrt einfahren und die Fu\u00dfg\u00e4ngerzonen befahren durfte.<\/p>\n<p>Was absolut <s>beschissen<\/s> ungen\u00fcgend war, ist die f\u00fcr Ortsfremde nicht zu durchschauende Kombination von lustigen Piktogrammen auf der Fahrbahn, merkw\u00fcrdig verschlungenen Fahrradstreifen, kombinierten Geh-\/Radwegen und den M\u00fcnsteraner Radlern, die sich darum einen Dreck scheren!<\/p>\n<p>Vergeblich nach einer Ausschilderung suchend, habe ich dann doch noch den Aasee gefunden. In Oeynhausen sind die Radwege wenigstens ausgeschildert, wenn auch stellenweise in die falsche Richtung &#8211; aber immerhin ein Schild. Wie dem auch sei, der See war gefunden und ich wollte einmal dran lang oder rum. Geht aber nicht, weil dort nur ein Fu\u00dfg\u00e4ngerweg ist, der von Nordic-Terroristen, Inlinern und besoffenen Fu\u00dfballfans bev\u00f6lkert wurde &#8211; und von ein paar (wahrscheinlich) einheimischen Radlern, die sich nicht an die Verkehrsregeln hielten.<\/p>\n<div class=\"bild\"><img decoding=\"async\" src=\"http:\/\/www.andreas-edler.de\/grafik\/blog\/20060620_brueckenmusik.jpg\"><\/div>\n<p>Ich also die Schilder versucht in einen sinnvollen Zusammenhang mit den tats\u00e4chlichen Stra\u00dfenverl\u00e4ufen zu bringen und immer wieder dieselben torkelnden Radfahrer \u00fcberholt, die den Weg offensichtlich kannten und an denen ich jeweils vor einem kurzen Orientierungsstopp schon mal mit 36 km\/h vorbei gefahren bin. Das ist wahrscheinlich der Trick in M\u00fcnster: konstant 15 km\/h durch die Gegend torkeln. Schnell fahren ist nicht drin.<\/p>\n<p>Vor allen Dingen nicht, wenn man denn die \u00fcberall mit blauen Schildern versehen Radwege benutzt. H\u00fcbsch rotes Ziegelpflaster mit reichlich Unebenheiten &#8211; und ich meine <b>Unebenheiten<\/b> &#8211; die einen bei \u00fcber 30 km\/h aus dem Sattel heben. Ich war froh \u00fcber meine Klickpedale, sonst h\u00e4tte ich mir sicher ein paar Mal b\u00f6se die Kl\u00f6ten geprellt.<\/p>\n<p>Hinter dem Aasee hatte ich dann die Faxen dicke von den Radwegen und bin auf die Fahrbahn ausgewichen. Das war  entspannter und die Autofahrer schien es auch nicht gest\u00f6rt zu haben. Jedenfalls deutlich weniger, als es die Dosentreiber in OWL nervt, wenn man auf der Stra\u00dfe (auch wenn kein Radweg da ist) f\u00e4hrt.<\/p>\n<div class=\"bild\"><img decoding=\"async\" src=\"http:\/\/www.andreas-edler.de\/grafik\/blog\/20060620_si.jpg\"><\/div>\n<p>Auf dem R\u00fcckweg habe ich noch einen Freund und Helfer in Gr\u00fcn nach dem Weg gefragt, der absolut erstaunt war, dass ich so weit vom Zielort entfernt war. Das w\u00e4ren noch &#8230; ach mindestens &#8230; wenn nicht noch weiter &#8230; so 4 Kilometer. Da h\u00e4tte ich noch &#8217;ne Strecke zu fahren. \u00c4h ja, is&#8216; klar.  <\/p>\n<p>Das war jetzt sicher nicht repr\u00e4sentativ und auch nur eine ganz, ganz kleine 30 Kilometerrunde, aber wer das M\u00e4rchen von der Fahrradstadt M\u00fcnster erfunden hat, w\u00fcsste ich schon ganz gerne. Ich glaube, da wird nur die Menge der rumkaspernden Fahrradfahrer gez\u00e4hlt. Meine Beobachtung heute abend war jedenfalls, dass die sich um die Gegebenheiten nicht besonders k\u00fcmmern. Ist aber auch kein Wunder &#8211; ich schimpfe ja oft auf Oeynhausen im Zusammenhang mit Rad fahren, aber da kann man&#8217;s echt besser aushalten im Vergleich zu M\u00fcnster.<\/p>\n","protected":false},"excerpt":{"rendered":"<p>Wenn es um Musterbeispiele f\u00fcr Fahrradfreundlichkeit geht, wird M\u00fcnster genannt. Grund genug f\u00fcr mich, das mal auszuprobieren &#8211; wenn auch nur im Kleinen. Schlu\u00dfendlich hatte ich das Sub 30 doch noch hierhin bekommen und einer kleinen Tour stand nix im &hellip;<\/p>\n<p class=\"read-more\"> <a class=\"more-link\" href=\"https:\/\/www.andreas-edler.de\/blog\/2006\/06\/fahrrad-fahren-in-muenster\/\"> <span class=\"screen-reader-text\">Fahrrad fahren in M\u00fcnster<\/span> Weiterlesen &raquo;<\/a><\/p>\n","protected":false},"author":1,"featured_media":0,"comment_status":"open","ping_status":"open","sticky":false,"template":"","format":"standard","meta":{"ngg_post_thumbnail":0,"activitypub_content_warning":"","activitypub_content_visibility":"","activitypub_max_image_attachments":2,"activitypub_interaction_policy_quote":"anyone","activitypub_status":"","footnotes":""},"categories":[15],"tags":[],"class_list":["post-5017","post","type-post","status-publish","format-standard","hentry","category-fahrrad"],"share_on_mastodon":{"url":"","error":""},"_links":{"self":[{"href":"https:\/\/www.andreas-edler.de\/blog\/wp-json\/wp\/v2\/posts\/5017","targetHints":{"allow":["GET"]}}],"collection":[{"href":"https:\/\/www.andreas-edler.de\/blog\/wp-json\/wp\/v2\/posts"}],"about":[{"href":"https:\/\/www.andreas-edler.de\/blog\/wp-json\/wp\/v2\/types\/post"}],"author":[{"embeddable":true,"href":"https:\/\/www.andreas-edler.de\/blog\/wp-json\/wp\/v2\/users\/1"}],"replies":[{"embeddable":true,"href":"https:\/\/www.andreas-edler.de\/blog\/wp-json\/wp\/v2\/comments?post=5017"}],"version-history":[{"count":0,"href":"https:\/\/www.andreas-edler.de\/blog\/wp-json\/wp\/v2\/posts\/5017\/revisions"}],"wp:attachment":[{"href":"https:\/\/www.andreas-edler.de\/blog\/wp-json\/wp\/v2\/media?parent=5017"}],"wp:term":[{"taxonomy":"category","embeddable":true,"href":"https:\/\/www.andreas-edler.de\/blog\/wp-json\/wp\/v2\/categories?post=5017"},{"taxonomy":"post_tag","embeddable":true,"href":"https:\/\/www.andreas-edler.de\/blog\/wp-json\/wp\/v2\/tags?post=5017"}],"curies":[{"name":"wp","href":"https:\/\/api.w.org\/{rel}","templated":true}]}}