{"id":5013,"date":"2006-06-18T19:47:00","date_gmt":"2006-06-18T18:47:00","guid":{"rendered":"http:\/\/www.andreas-edler.de\/blog\/2006\/06\/yamaha-rx-v-559\/"},"modified":"2017-02-17T16:37:03","modified_gmt":"2017-02-17T15:37:03","slug":"yamaha-rx-v-559","status":"publish","type":"post","link":"https:\/\/www.andreas-edler.de\/blog\/2006\/06\/yamaha-rx-v-559\/","title":{"rendered":"Yamaha RX-V 559"},"content":{"rendered":"<div class=\"bild\"><img decoding=\"async\" src=\"http:\/\/www.andreas-edler.de\/grafik\/blog\/20060618_rx-v_559.jpg\"><\/div>\n<p> Es ist WM, ich bin genervt gewesen und zu irgendwas mu\u00df der Sonntag ja gut sein. Nachdem der <a href=\"http:\/\/www.andreas-edler.de\/blog\/2006\/06\/geiz-ist-voll-ungeil\/\">Besuch im Elektroniktempel heute morgen<\/a> eher durchwachsen war, bin ich w\u00e4hrend einer kleinen Radtour mit der Familie noch mal in mich gegangen. Und habe mir eine Obergrenze f\u00fcr den Receiver im Laden gesetzt. Wie gesagt, ich bin doch nicht bl\u00f6d.<\/p>\n<p>Als ich im Saturn dann nach dem Preis fragte, hat mir der Verk\u00e4ufer gleich die \u00fcblichen Floskeln (&#8222;Haste &#8217;nen Preis aus dem Internet gefunden, von &#8217;nem Versender in Honolulu, der g\u00fcnstiger ist?&#8220;) an den Kopf geworfen. Fand&#8216; ich leicht unh\u00f6flich. Als ich ihm dann sehr ruhig erkl\u00e4rte, dass ich mit Internet gar nix bei ihm beschicken wollte und mir die Kalkulation mit Lagerhaltung, Verkaufsfl\u00e4che und seinem Gehalt durchaus bewusst sei, ist er dann zu seinem Terminal gegangen, hat ein wenig getippt und telefoniert und kam mit einem Preis zur\u00fcck, der unter meinem Limit lag und auch mit einigen der Versender mithalten konnte.<\/p>\n<p>Ich konnte nicht widerstehen ;-) Angeschlossen ist er schon &#8211; funktioniert. Allerdings noch mit den gleichen Anschl\u00fcssen wie der alte Receiver &#8211; da geht noch einiges! Leider komme ich n\u00e4chste Woche nicht zum ausf\u00fchrlichen Testen &#8230; wir werden sehen.<\/p>\n","protected":false},"excerpt":{"rendered":"<p>Es ist WM, ich bin genervt gewesen und zu irgendwas mu\u00df der Sonntag ja gut sein. Nachdem der Besuch im Elektroniktempel heute morgen eher durchwachsen war, bin ich w\u00e4hrend einer kleinen Radtour mit der Familie noch mal in mich gegangen. &hellip;<\/p>\n<p class=\"read-more\"> <a class=\"more-link\" href=\"https:\/\/www.andreas-edler.de\/blog\/2006\/06\/yamaha-rx-v-559\/\"> <span class=\"screen-reader-text\">Yamaha RX-V 559<\/span> Weiterlesen &raquo;<\/a><\/p>\n","protected":false},"author":1,"featured_media":0,"comment_status":"open","ping_status":"open","sticky":false,"template":"","format":"standard","meta":{"ngg_post_thumbnail":0,"activitypub_content_warning":"","activitypub_content_visibility":"","activitypub_max_image_attachments":2,"activitypub_interaction_policy_quote":"anyone","activitypub_status":"","footnotes":""},"categories":[1],"tags":[49,95,64,46],"class_list":["post-5013","post","type-post","status-publish","format-standard","hentry","category-allgemein","tag-hardware","tag-heimkino","tag-konsum","tag-technik"],"share_on_mastodon":{"url":"","error":""},"_links":{"self":[{"href":"https:\/\/www.andreas-edler.de\/blog\/wp-json\/wp\/v2\/posts\/5013","targetHints":{"allow":["GET"]}}],"collection":[{"href":"https:\/\/www.andreas-edler.de\/blog\/wp-json\/wp\/v2\/posts"}],"about":[{"href":"https:\/\/www.andreas-edler.de\/blog\/wp-json\/wp\/v2\/types\/post"}],"author":[{"embeddable":true,"href":"https:\/\/www.andreas-edler.de\/blog\/wp-json\/wp\/v2\/users\/1"}],"replies":[{"embeddable":true,"href":"https:\/\/www.andreas-edler.de\/blog\/wp-json\/wp\/v2\/comments?post=5013"}],"version-history":[{"count":0,"href":"https:\/\/www.andreas-edler.de\/blog\/wp-json\/wp\/v2\/posts\/5013\/revisions"}],"wp:attachment":[{"href":"https:\/\/www.andreas-edler.de\/blog\/wp-json\/wp\/v2\/media?parent=5013"}],"wp:term":[{"taxonomy":"category","embeddable":true,"href":"https:\/\/www.andreas-edler.de\/blog\/wp-json\/wp\/v2\/categories?post=5013"},{"taxonomy":"post_tag","embeddable":true,"href":"https:\/\/www.andreas-edler.de\/blog\/wp-json\/wp\/v2\/tags?post=5013"}],"curies":[{"name":"wp","href":"https:\/\/api.w.org\/{rel}","templated":true}]}}