{"id":4982,"date":"2006-06-05T08:33:00","date_gmt":"2006-06-05T07:33:00","guid":{"rendered":"http:\/\/www.andreas-edler.de\/blog\/2006\/06\/pfingsten-bei-glosemeyer\/"},"modified":"2006-06-05T08:33:00","modified_gmt":"2006-06-05T07:33:00","slug":"pfingsten-bei-glsemeyer","status":"publish","type":"post","link":"https:\/\/www.andreas-edler.de\/blog\/2006\/06\/pfingsten-bei-glsemeyer\/","title":{"rendered":"Pfingsten bei Gl\u00f6semeyer"},"content":{"rendered":"<div class=\"bild\"><img decoding=\"async\" src=\"http:\/\/www.andreas-edler.de\/grafik\/blog\/20060604_gloesemeier_1.jpg\"><\/div>\n<p>Pfingstsonntag ist hier in der Gegend seit Jahr und Tag &#8222;Gl\u00f6semeyer&#8220; gesetzt. Aber dieses Jahr waren wir uns nicht ganz schl\u00fcssig, ja, nein, ja, wer geht noch hin. Es sind halt schon alle etwas \u00e4lter. Es sollte &#8217;ne \u00dc30 Party im <a href=\"http:\/\/www.go-parc-herford.de\/\">Go-Parc<\/a> sein und a war ich nicht abgeneigt mit &#8217;nem Freund hinzufahren &#8211; H\u00f6re ja &#8222;Seed&#8220; im Moment ganz gerne ;-) Die entpuppte sich aber im Vorfeld als Techno-Stampferei und Alex und ich fuhren doch zur Kneipe nach L\u00f6hne.<\/p>\n<p>Das Highlight &#8211; und nur deshalb will die Frau dahin &#8211; ist gegen halb elf das Feuerwerk. Jedes Jahr, immer wieder. Zwar nicht ganz so beeindruckend wie auf der Kurparkbeleuchtung, aber immerhin. Ich finde angenehm dort, dass man auf&#8217;s Gel\u00e4nde nur nach Gesichtskontrolle kommt. Daher gab&#8217;s dort soviel ich wei\u00df auch noch nie Klopperei &#8211; au\u00dfer vielleicht von besoffenen Teenies drau\u00dfen vor&#8217;m Zaun. Es ist also immer recht entspannte Stimmung. So auch dieses Jahr, haben ein paar Freunde getroffen, paar Pils getrunken (<a href=\"http:\/\/www.andreas-edler.de\/2004\/05\/alter-wenn-man-lange-keinen-alkohol.html\">es gab diesmal kein Rigo<\/a> :-( ) und um halb eins waren wir im Bett. <i>Und wieder festgestellt, dass ich dringend ein neues Handy mit &#8217;ner besseren Kamera brauche!<\/i><\/p>\n<p>Nur schlafen konnte ich nicht :-( Um viertel vor 4 fangen \u00fcbrigens die ersten V\u00f6gel an zu <s>schreien<\/s> zwitschern und ab halb 5 wird es <s>grell<\/s> hell drau\u00dfen. Irgendwann um die Zeit habe ich dann &#8217;ne Dolormin eingeworfen. Aber so viele Pils waren das echt nicht! Schei\u00dfe, ich werde wirklich alt :-\/<\/p>\n","protected":false},"excerpt":{"rendered":"<p>Pfingstsonntag ist hier in der Gegend seit Jahr und Tag &#8222;Gl\u00f6semeyer&#8220; gesetzt. Aber dieses Jahr waren wir uns nicht ganz schl\u00fcssig, ja, nein, ja, wer geht noch hin. Es sind halt schon alle etwas \u00e4lter. Es sollte &#8217;ne \u00dc30 Party &hellip;<\/p>\n<p class=\"read-more\"> <a class=\"more-link\" href=\"https:\/\/www.andreas-edler.de\/blog\/2006\/06\/pfingsten-bei-glsemeyer\/\"> <span class=\"screen-reader-text\">Pfingsten bei Gl\u00f6semeyer<\/span> Weiterlesen &raquo;<\/a><\/p>\n","protected":false},"author":1,"featured_media":0,"comment_status":"open","ping_status":"open","sticky":false,"template":"","format":"standard","meta":{"ngg_post_thumbnail":0,"activitypub_content_warning":"","activitypub_content_visibility":"","activitypub_max_image_attachments":2,"activitypub_interaction_policy_quote":"anyone","activitypub_status":"","footnotes":""},"categories":[1],"tags":[],"class_list":["post-4982","post","type-post","status-publish","format-standard","hentry","category-allgemein"],"share_on_mastodon":{"url":"","error":""},"_links":{"self":[{"href":"https:\/\/www.andreas-edler.de\/blog\/wp-json\/wp\/v2\/posts\/4982","targetHints":{"allow":["GET"]}}],"collection":[{"href":"https:\/\/www.andreas-edler.de\/blog\/wp-json\/wp\/v2\/posts"}],"about":[{"href":"https:\/\/www.andreas-edler.de\/blog\/wp-json\/wp\/v2\/types\/post"}],"author":[{"embeddable":true,"href":"https:\/\/www.andreas-edler.de\/blog\/wp-json\/wp\/v2\/users\/1"}],"replies":[{"embeddable":true,"href":"https:\/\/www.andreas-edler.de\/blog\/wp-json\/wp\/v2\/comments?post=4982"}],"version-history":[{"count":0,"href":"https:\/\/www.andreas-edler.de\/blog\/wp-json\/wp\/v2\/posts\/4982\/revisions"}],"wp:attachment":[{"href":"https:\/\/www.andreas-edler.de\/blog\/wp-json\/wp\/v2\/media?parent=4982"}],"wp:term":[{"taxonomy":"category","embeddable":true,"href":"https:\/\/www.andreas-edler.de\/blog\/wp-json\/wp\/v2\/categories?post=4982"},{"taxonomy":"post_tag","embeddable":true,"href":"https:\/\/www.andreas-edler.de\/blog\/wp-json\/wp\/v2\/tags?post=4982"}],"curies":[{"name":"wp","href":"https:\/\/api.w.org\/{rel}","templated":true}]}}