{"id":4979,"date":"2006-06-03T19:49:00","date_gmt":"2006-06-03T18:49:00","guid":{"rendered":"http:\/\/www.andreas-edler.de\/blog\/2006\/06\/vorsorgemasnahmen\/"},"modified":"2023-12-15T12:54:49","modified_gmt":"2023-12-15T11:54:49","slug":"vorsorgemassnahmen","status":"publish","type":"post","link":"https:\/\/www.andreas-edler.de\/blog\/2006\/06\/vorsorgemassnahmen\/","title":{"rendered":"Vorsorgema\u00dfnahmen"},"content":{"rendered":"<div class=\"bild\"><img decoding=\"async\" src=\"http:\/\/www.andreas-edler.de\/grafik\/blog\/20060603_holzunterstand.jpg\"><\/div>\n<p>Unser Grundst\u00fcck ist nicht sonderlich gro\u00df, aber von der Vorbesitzerin gl\u00fccklicherweise mit einem gepflegten Garten versehen gewesen. Der allerdings in einigen Punkten noch nicht unseren Vorstellungen entsprach. Die <a href=\"http:\/\/www.andreas-edler.de\/holzterrasse.htm\">Holzterrasse<\/a> war ein Teil der Modifikationen, die <a href=\"http:\/\/www.andreas-edler.de\/2005\/06\/pflastern-ist-nicht-meine.html\">Ecke f\u00fcr die Hollywoodschaukel<\/a> eine andere. Nun fehlt noch die &#8222;widerlichste&#8220; Stelle im Garten. Hinter&#8217;m Carport, hinter den Klamotten die ich nicht mag (Johannisbeeren, Stachelbeeren, Rharbaber) &#8230; Da lag immer nur Ger\u00fcmpel und Kraut.<\/p>\n<p>Und da wir noch eine Stelle brauchen, an der wir unser Kaminholz dauerhaft stapeln k\u00f6nnen, bietet sich diese Ecke an. Es lagern hier auch noch einige \u00fcberfl\u00fcssige Pflastersteine, Betonplatten und anderer Gammel, den ich in dem Zusammenhang gerne los werden w\u00fcrde. Gesagt, getan. Wenn auch sehr z\u00f6gerlich. Das Bauholz liegt schon fast 2 Monate im Carport rum, ein wenig messen und ausschachten mache ich auch schon seit l\u00e4ngerem immer ein paar Minuten. Heute habe ich dann mal ernsthaft etwas getan. Leider hatte ich gegen 5 keinen Sand mehr (und auch keine Lust ;-)<\/p>\n<p>Bin erstmal zufrieden &#8230;<\/p>\n","protected":false},"excerpt":{"rendered":"<p>Unser Grundst\u00fcck ist nicht sonderlich gro\u00df, aber von der Vorbesitzerin gl\u00fccklicherweise mit einem gepflegten Garten versehen gewesen. Der allerdings in einigen Punkten noch nicht unseren Vorstellungen entsprach. Die Holzterrasse war ein Teil der Modifikationen, die Ecke f\u00fcr die Hollywoodschaukel eine &hellip;<\/p>\n<p class=\"read-more\"> <a class=\"more-link\" href=\"https:\/\/www.andreas-edler.de\/blog\/2006\/06\/vorsorgemassnahmen\/\"> <span class=\"screen-reader-text\">Vorsorgema\u00dfnahmen<\/span> Weiterlesen &raquo;<\/a><\/p>\n","protected":false},"author":1,"featured_media":0,"comment_status":"open","ping_status":"open","sticky":false,"template":"","format":"standard","meta":{"ngg_post_thumbnail":0,"activitypub_content_warning":"","activitypub_content_visibility":"","activitypub_max_image_attachments":2,"activitypub_interaction_policy_quote":"anyone","activitypub_status":"","footnotes":""},"categories":[22,1],"tags":[31,38,105],"class_list":["post-4979","post","type-post","status-publish","format-standard","hentry","category-basteln","category-allgemein","tag-garten","tag-haus","tag-holz"],"share_on_mastodon":{"url":"","error":""},"_links":{"self":[{"href":"https:\/\/www.andreas-edler.de\/blog\/wp-json\/wp\/v2\/posts\/4979","targetHints":{"allow":["GET"]}}],"collection":[{"href":"https:\/\/www.andreas-edler.de\/blog\/wp-json\/wp\/v2\/posts"}],"about":[{"href":"https:\/\/www.andreas-edler.de\/blog\/wp-json\/wp\/v2\/types\/post"}],"author":[{"embeddable":true,"href":"https:\/\/www.andreas-edler.de\/blog\/wp-json\/wp\/v2\/users\/1"}],"replies":[{"embeddable":true,"href":"https:\/\/www.andreas-edler.de\/blog\/wp-json\/wp\/v2\/comments?post=4979"}],"version-history":[{"count":0,"href":"https:\/\/www.andreas-edler.de\/blog\/wp-json\/wp\/v2\/posts\/4979\/revisions"}],"wp:attachment":[{"href":"https:\/\/www.andreas-edler.de\/blog\/wp-json\/wp\/v2\/media?parent=4979"}],"wp:term":[{"taxonomy":"category","embeddable":true,"href":"https:\/\/www.andreas-edler.de\/blog\/wp-json\/wp\/v2\/categories?post=4979"},{"taxonomy":"post_tag","embeddable":true,"href":"https:\/\/www.andreas-edler.de\/blog\/wp-json\/wp\/v2\/tags?post=4979"}],"curies":[{"name":"wp","href":"https:\/\/api.w.org\/{rel}","templated":true}]}}