{"id":4969,"date":"2006-05-27T17:59:00","date_gmt":"2006-05-27T16:59:00","guid":{"rendered":"http:\/\/www.andreas-edler.de\/blog\/2006\/05\/aufraumen\/"},"modified":"2017-03-26T14:48:27","modified_gmt":"2017-03-26T12:48:27","slug":"aufraeumen","status":"publish","type":"post","link":"https:\/\/www.andreas-edler.de\/blog\/2006\/05\/aufraeumen\/","title":{"rendered":"Aufr\u00e4umen"},"content":{"rendered":"<p>Da das Wetter wieder nicht nach meiner M\u00fctze war, konnte ich den urspr\u00fcnglichen Plan (Begradigen der Fl\u00e4che f\u00fcr den Holzunterstand) nicht vollenden und habe mich dem Keller zugewandt. Die Boxen von <a href=\"http:\/\/www.andreas-edler.de\/blog\/2006\/05\/hab-mein-wagen-vollgeladen\/\">Nichtens Party<\/a> hat der Schwager neulich wieder gebracht, also kann ich den Keller wieder auf<s>bauen<\/s>r\u00e4umen.<\/p>\n<p>Der komische Kasten, in dem ich Restholz sammelte, entpuppte sich als Schrank mit einer Glasschiebet\u00fcr (leider habe ich nur eine H\u00e4lfte der T\u00fcr gefunden) ohne Regalb\u00f6den. Da bot es sich an, aus dem vielen Gammel im Keller was passendes zu s\u00e4gen. Nun habe ich ein 1a Schrank um meine Ger\u00e4te abzulegen &#8211; und die stauben da noch nicht mal drin zu.<\/p>\n<p>Aber wesentlich ordentlicher ist es dadurch immer noch nicht geworden :-(<\/p>\n<p align=\"center\"><img decoding=\"async\" src=\"http:\/\/www.andreas-edler.de\/grafik\/blog\/20060527_keller_ordnung.jpg\"><\/p>\n<p>Daf\u00fcr hat die Frau ein wenig Nippes beschafft und im Garten platziert. Sieht zugegebenerma\u00dfen ganz s\u00fc\u00df aus :-)<\/p>\n<p align=\"center\"><img decoding=\"async\" src=\"http:\/\/www.andreas-edler.de\/grafik\/blog\/20060527_wichtel.jpg\"><\/p>\n","protected":false},"excerpt":{"rendered":"<p>Da das Wetter wieder nicht nach meiner M\u00fctze war, konnte ich den urspr\u00fcnglichen Plan (Begradigen der Fl\u00e4che f\u00fcr den Holzunterstand) nicht vollenden und habe mich dem Keller zugewandt. Die Boxen von Nichtens Party hat der Schwager neulich wieder gebracht, also &hellip;<\/p>\n<p class=\"read-more\"> <a class=\"more-link\" href=\"https:\/\/www.andreas-edler.de\/blog\/2006\/05\/aufraeumen\/\"> <span class=\"screen-reader-text\">Aufr\u00e4umen<\/span> Weiterlesen &raquo;<\/a><\/p>\n","protected":false},"author":1,"featured_media":0,"comment_status":"open","ping_status":"open","sticky":false,"template":"","format":"standard","meta":{"ngg_post_thumbnail":0,"activitypub_content_warning":"","activitypub_content_visibility":"","activitypub_max_image_attachments":2,"activitypub_interaction_policy_quote":"anyone","activitypub_status":"","footnotes":""},"categories":[22,1],"tags":[143,169,201],"class_list":["post-4969","post","type-post","status-publish","format-standard","hentry","category-basteln","category-allgemein","tag-aufraeumen","tag-kellerkind","tag-werkzeug"],"share_on_mastodon":{"url":"","error":""},"_links":{"self":[{"href":"https:\/\/www.andreas-edler.de\/blog\/wp-json\/wp\/v2\/posts\/4969","targetHints":{"allow":["GET"]}}],"collection":[{"href":"https:\/\/www.andreas-edler.de\/blog\/wp-json\/wp\/v2\/posts"}],"about":[{"href":"https:\/\/www.andreas-edler.de\/blog\/wp-json\/wp\/v2\/types\/post"}],"author":[{"embeddable":true,"href":"https:\/\/www.andreas-edler.de\/blog\/wp-json\/wp\/v2\/users\/1"}],"replies":[{"embeddable":true,"href":"https:\/\/www.andreas-edler.de\/blog\/wp-json\/wp\/v2\/comments?post=4969"}],"version-history":[{"count":0,"href":"https:\/\/www.andreas-edler.de\/blog\/wp-json\/wp\/v2\/posts\/4969\/revisions"}],"wp:attachment":[{"href":"https:\/\/www.andreas-edler.de\/blog\/wp-json\/wp\/v2\/media?parent=4969"}],"wp:term":[{"taxonomy":"category","embeddable":true,"href":"https:\/\/www.andreas-edler.de\/blog\/wp-json\/wp\/v2\/categories?post=4969"},{"taxonomy":"post_tag","embeddable":true,"href":"https:\/\/www.andreas-edler.de\/blog\/wp-json\/wp\/v2\/tags?post=4969"}],"curies":[{"name":"wp","href":"https:\/\/api.w.org\/{rel}","templated":true}]}}