{"id":4937,"date":"2006-05-11T19:33:00","date_gmt":"2006-05-11T18:33:00","guid":{"rendered":"http:\/\/www.andreas-edler.de\/blog\/2006\/05\/todlicher-radweg\/"},"modified":"2018-06-26T15:27:11","modified_gmt":"2018-06-26T13:27:11","slug":"toedlicher-radweg","status":"publish","type":"post","link":"https:\/\/www.andreas-edler.de\/blog\/2006\/05\/toedlicher-radweg\/","title":{"rendered":"T\u00f6dlicher Radweg"},"content":{"rendered":"<div class=\"bild\"><img decoding=\"async\" src=\"http:\/\/www.andreas-edler.de\/grafik\/blog\/20060511_unfallkreuzung.jpg\"><\/div>\n<p><a href=\"http:\/\/www.nw-news.de\/nw\/lokale_news\/bad_oeynhausen\/bad_oeynhausen\/?cnt=888002\">Vorgestern verstarb ein 9j\u00e4hriger Junge bei einem Unfall<\/a>. Er war mit seinem Rad unterwegs. Offensichtlich befuhr er den kombinierten Geh-\/Radweg, der mit <a href=\"http:\/\/www.sicherestrassen.de\/VKZKatalog\/Kat240.htm\">Zeichen 240<\/a> ausgeschildert ist, in der falschen Richtung. Und wie Zeugen einen Tag sp\u00e4ter aussagen, <a href=\"http:\/\/www.nw-news.de\/nw\/lokale_news\/bad_oeynhausen\/bad_oeynhausen\/?cnt=888832&#038;no_sid=1\">\u00fcberquerte er die Ampel auch noch bei Rot<\/a>.<\/p>\n<p>Die Sache ist sehr, sehr traurig und an der Unfallstelle liegen Blumen, kleine Teddys, zig Kerzen brennen und als ich eben zweimal mit dem Rad an der Unfallstelle vorbei fuhr, waren jedesmal gleichaltrige Kinder und auch Erwachsene da, und blieben kurz stehen. Manche offensichtlich sehr mitgenommen &#8211; und ich schlie\u00dfe mich nicht aus. Riesengro\u00dfe Schei\u00dfe sowas. Lapidar wird in dem Artikel erw\u00e4hnt, der Junge habe keinen Helm getragen. Als wenn das der Grund gewwesen w\u00e4re!<\/p>\n<p>Ich kenne die Verkettungen nicht, die zu diesem Unfall gef\u00fchrt haben, aber folgendes sind die beobachteten Tatsachen:<\/p>\n<ul>\n<li>Der kombinierte Geh-\/Radweg ist auf der gesamten Steinstra\u00dfe eigentlich zu schmal! Au\u00dferdem mit dicken Hecken und Rabatten von der Stra\u00dfe abgeschirmt und damit schlecht zu sehen.<\/li>\n<li>Die Ampelphasen sind recht kurz. Ich habe nicht gestoppt, aber selbst ich bin inkl. einklicken der Pedale und losfahren nicht w\u00e4hrend der Gr\u00fcnphase \u00fcber die Bismarkstra\u00dfe gekommen, da war die Fu\u00dfg\u00e4ngerampel schon wieder rot!<\/li>\n<li>die Bismarkstra\u00dfe ist eine 30-Zone! Und der Unfall ereignete sich auf einer Kreuzung. Wie schnell mu\u00df man fahren, um einen kleinen Jungen aus seinen Schuhen zu hauen (wie auf dem Bild zu sehen ist)?<\/li>\n<li>Die Kreuzung selbst ist gut einsehbar, der Junge kam von der Autofahrerin aus gesehen von links und hatte die Kreuzung schon so gut wie \u00fcberquert. *Ich* frage mich da, wo die Autofahrerin hingesehen haben mag, wenn sie den Jungen auf der Kreuzung *\u00fcbersehen* hat.<\/li>\n<\/ul>\n<p>Klar, Schuld ist der fehlende Helm &#8230; Bullshit!<\/p>\n<p>Ich bin vorhin wieder 17 Km bis zum Portablick auf der Lohe und zur\u00fcck gefahren und ich habe die uns\u00e4glichen Pflichtradwege benutzt. Ich habe aufgeh\u00f6rt zu z\u00e4hlen, wie oft ich von Autofahrern viel zu dicht \u00fcberholt worden bin, an 4 Einfahrten haben mir Autofahrer, die vor mir rechts in Seitenstra\u00dfen abbogen, die Vorfahrt genommen und mich nicht beachtet, 2 Leute haben mir deutlich gemacht, ich solle bitte im Graben fahren. Und ich war heute bewu\u00dft ruhig und habe nicht auf meinem Recht beharrt. Klar, Schuld an dem tragischen Ende des Unfalls ist der nicht getragene Helm &#8230; Bl\u00f6dsinn!<\/p>\n<p>Das Problem ist nicht der Helm! Das Problem sind die depperten Autofahrer, die nicht mit Radlern umgehen k\u00f6nnen. Egal wie alt. Ich glaube, viele tote Radfahrer &#8211; im Besonderen Kinder &#8211; k\u00f6nnten noch leben, wenn Autofahrer sich ganz einfach an die vorgegebenen Limits halten und umsichtig und entspannt fahren. Aber Schuld ist der fehlende Helm &#8230;<\/p>\n<p>Auf dem Nachhauseweg wurde auf der Eidinghausener gerade wieder ein platt gefahrenes Auto abgeschleppt und drau\u00dfen h\u00f6re ich seit 10 Minuten in einer Tour Sirenen &#8230; Wahrscheinlich alles fehlende Helme, nicht \u00fcberh\u00f6hte Geschwindigkeit und Baseligeit der Autofahrer &#8211; das w\u00e4re ja allzu abwegig.<\/p>\n<p>17 Km | 23,2 Km\/h Schnitt | 23,5 \u00b0C<\/p>\n","protected":false},"excerpt":{"rendered":"<p>Vorgestern verstarb ein 9j\u00e4hriger Junge bei einem Unfall. Er war mit seinem Rad unterwegs. Offensichtlich befuhr er den kombinierten Geh-\/Radweg, der mit Zeichen 240 ausgeschildert ist, in der falschen Richtung. Und wie Zeugen einen Tag sp\u00e4ter aussagen, \u00fcberquerte er die &hellip;<\/p>\n<p class=\"read-more\"> <a class=\"more-link\" href=\"https:\/\/www.andreas-edler.de\/blog\/2006\/05\/toedlicher-radweg\/\"> <span class=\"screen-reader-text\">T\u00f6dlicher Radweg<\/span> Weiterlesen &raquo;<\/a><\/p>\n","protected":false},"author":1,"featured_media":0,"comment_status":"open","ping_status":"open","sticky":false,"template":"","format":"standard","meta":{"ngg_post_thumbnail":0,"activitypub_content_warning":"","activitypub_content_visibility":"","activitypub_max_image_attachments":2,"activitypub_interaction_policy_quote":"anyone","activitypub_status":"","footnotes":""},"categories":[14,15,13],"tags":[110,251,76,199],"class_list":["post-4937","post","type-post","status-publish","format-standard","hentry","category-bad-oeynhausen","category-fahrrad","category-verkehr","tag-fahrradfreundliche-stadt","tag-infrastruktur","tag-sicherheit","tag-unfall"],"share_on_mastodon":{"url":"","error":""},"_links":{"self":[{"href":"https:\/\/www.andreas-edler.de\/blog\/wp-json\/wp\/v2\/posts\/4937","targetHints":{"allow":["GET"]}}],"collection":[{"href":"https:\/\/www.andreas-edler.de\/blog\/wp-json\/wp\/v2\/posts"}],"about":[{"href":"https:\/\/www.andreas-edler.de\/blog\/wp-json\/wp\/v2\/types\/post"}],"author":[{"embeddable":true,"href":"https:\/\/www.andreas-edler.de\/blog\/wp-json\/wp\/v2\/users\/1"}],"replies":[{"embeddable":true,"href":"https:\/\/www.andreas-edler.de\/blog\/wp-json\/wp\/v2\/comments?post=4937"}],"version-history":[{"count":0,"href":"https:\/\/www.andreas-edler.de\/blog\/wp-json\/wp\/v2\/posts\/4937\/revisions"}],"wp:attachment":[{"href":"https:\/\/www.andreas-edler.de\/blog\/wp-json\/wp\/v2\/media?parent=4937"}],"wp:term":[{"taxonomy":"category","embeddable":true,"href":"https:\/\/www.andreas-edler.de\/blog\/wp-json\/wp\/v2\/categories?post=4937"},{"taxonomy":"post_tag","embeddable":true,"href":"https:\/\/www.andreas-edler.de\/blog\/wp-json\/wp\/v2\/tags?post=4937"}],"curies":[{"name":"wp","href":"https:\/\/api.w.org\/{rel}","templated":true}]}}