{"id":4933,"date":"2006-05-07T13:00:00","date_gmt":"2006-05-07T12:00:00","guid":{"rendered":"http:\/\/www.andreas-edler.de\/blog\/2006\/05\/rauchzeichen\/"},"modified":"2006-05-07T13:00:00","modified_gmt":"2006-05-07T12:00:00","slug":"rauchzeichen","status":"publish","type":"post","link":"https:\/\/www.andreas-edler.de\/blog\/2006\/05\/rauchzeichen\/","title":{"rendered":"Rauchzeichen"},"content":{"rendered":"<div class=\"bild\"><img decoding=\"async\" src=\"http:\/\/www.andreas-edler.de\/grafik\/blog\/20060507_raddampfer.jpg\"><\/div>\n<p>Heute morgen haben wir eine klitzkleine Radtour gemacht. Erst bis zu <a href=\"http:\/\/www.grosserweserbogen.de\/i_amanda.html\">F\u00e4hre Amanda<\/a>, wo heute ein Raddampfer anlegte und Reisende nach Hameln mit an Bord nahm. Das ist eigentlich ganz lustig, k\u00f6nnen wir vielleicht auch mal machen. Jeden ersten Sonntag im Monat h\u00e4lt das Schiff hier. Ein wenig die Weser raufschippern und dann mit dem Rad zur\u00fcck &#8230; Danach sind wir mit Tim zum <a href=\"http:\/\/www.flugplatzrestaurant.de\/\">Airfield in Vennebeck<\/a> gefahren. Nur so zum Gucken.<\/p>\n<div class=\"bild\"><img decoding=\"async\" src=\"http:\/\/www.andreas-edler.de\/grafik\/blog\/20060507_kaefer.jpg\"><\/div>\n<p>Irgendwann kam auch ein Opa mit seinem alten, sehr schick hergerichteten K\u00e4fer Cabrio auf den Hof gefahren. Als auf dem Parkplatz dicke schwarze Wolken aus dem Heck des K\u00e4fers waberten ahnte ich B\u00f6ses. Es dauerte auch nur Sekunden bis aus den Wolken Flammen wurden. Da hatte der luftgek\u00fchlte Motor wohl leicht \u00fcberhitzt. Gl\u00fccklicherweise hatten viele der anwesenden G\u00e4ste im Airfield Feuerl\u00f6scher im Auto. Scheint bei Porsche 911 GT3 Standardausr\u00fcstung zu sein. Das Feuer im Motorraum war fix gel\u00f6scht und nicht mal die Persenning vom K\u00e4fer hat Schaden gelitten.<\/p>\n<p>\u00c4rgerlich trotzdem. Der Wagen sah sehr schick aus. Aber an &#8217;nen neuen K\u00e4fermotor und eine Lackierung f\u00fcr die Motorhaube kann man ja rankommen &#8230;<\/p>\n","protected":false},"excerpt":{"rendered":"<p>Heute morgen haben wir eine klitzkleine Radtour gemacht. Erst bis zu F\u00e4hre Amanda, wo heute ein Raddampfer anlegte und Reisende nach Hameln mit an Bord nahm. Das ist eigentlich ganz lustig, k\u00f6nnen wir vielleicht auch mal machen. Jeden ersten Sonntag &hellip;<\/p>\n<p class=\"read-more\"> <a class=\"more-link\" href=\"https:\/\/www.andreas-edler.de\/blog\/2006\/05\/rauchzeichen\/\"> <span class=\"screen-reader-text\">Rauchzeichen<\/span> Weiterlesen &raquo;<\/a><\/p>\n","protected":false},"author":1,"featured_media":0,"comment_status":"open","ping_status":"open","sticky":false,"template":"","format":"standard","meta":{"ngg_post_thumbnail":0,"activitypub_content_warning":"","activitypub_content_visibility":"","activitypub_max_image_attachments":2,"activitypub_interaction_policy_quote":"anyone","activitypub_status":"","footnotes":""},"categories":[1],"tags":[],"class_list":["post-4933","post","type-post","status-publish","format-standard","hentry","category-allgemein"],"share_on_mastodon":{"url":"","error":""},"_links":{"self":[{"href":"https:\/\/www.andreas-edler.de\/blog\/wp-json\/wp\/v2\/posts\/4933","targetHints":{"allow":["GET"]}}],"collection":[{"href":"https:\/\/www.andreas-edler.de\/blog\/wp-json\/wp\/v2\/posts"}],"about":[{"href":"https:\/\/www.andreas-edler.de\/blog\/wp-json\/wp\/v2\/types\/post"}],"author":[{"embeddable":true,"href":"https:\/\/www.andreas-edler.de\/blog\/wp-json\/wp\/v2\/users\/1"}],"replies":[{"embeddable":true,"href":"https:\/\/www.andreas-edler.de\/blog\/wp-json\/wp\/v2\/comments?post=4933"}],"version-history":[{"count":0,"href":"https:\/\/www.andreas-edler.de\/blog\/wp-json\/wp\/v2\/posts\/4933\/revisions"}],"wp:attachment":[{"href":"https:\/\/www.andreas-edler.de\/blog\/wp-json\/wp\/v2\/media?parent=4933"}],"wp:term":[{"taxonomy":"category","embeddable":true,"href":"https:\/\/www.andreas-edler.de\/blog\/wp-json\/wp\/v2\/categories?post=4933"},{"taxonomy":"post_tag","embeddable":true,"href":"https:\/\/www.andreas-edler.de\/blog\/wp-json\/wp\/v2\/tags?post=4933"}],"curies":[{"name":"wp","href":"https:\/\/api.w.org\/{rel}","templated":true}]}}