{"id":4924,"date":"2006-04-29T22:49:00","date_gmt":"2006-04-29T21:49:00","guid":{"rendered":"http:\/\/www.andreas-edler.de\/blog\/2006\/04\/radweg-unfall\/"},"modified":"2006-04-29T22:49:00","modified_gmt":"2006-04-29T21:49:00","slug":"radweg-unfall","status":"publish","type":"post","link":"https:\/\/www.andreas-edler.de\/blog\/2006\/04\/radweg-unfall\/","title":{"rendered":"Radweg Unfall"},"content":{"rendered":"<p>aus dem <a href=\"http:\/\/www.polizeipresse.de\/p_story.htx?firmaid=43553\">Polizeibericht<\/a>:<\/p>\n<div class=\"postzitat\"><b>28.04.2006 &#8211; 10:11 Uhr<\/b><br \/><i>Bad Oeynhausen\/Innenstadt (ots)<\/i> &#8211; Zu einem Verkehrsunfall kam es am Donnerstag gegen 17.25 Uhr auf der Weserstra\u00dfe. Ein 33-j\u00e4hriger Mann befand sich mit seinem schwarzen BMW auf dem Gel\u00e4nde einer Tankstelle und wollte dieses \u00fcber die westlich gelegene Ausfahrt verlassen, um seinen Weg auf der Weserstra\u00dfe in Richtung Westen fortzusetzen. Dabei stie\u00df er jedoch mit einem von rechts kommenden 66-j\u00e4hrigen Radfahrer zusammen, der auf dem Radweg unterwegs war. Der Mann st\u00fcrzte und verletzte sich schwer. Ein Rettungswagen brachte ihn ins Krankenhaus.<\/p>\n<p>ots Originaltext: Polizei Minden-L\u00fcbbecke<\/p><\/div>\n<p>Hier wir suggeriert, der Mann w\u00e4re mit seinem Rad korrekt unterwegs gewesen. Tats\u00e4chlich ist der Gehweg dort *nicht* als Radweg ausgeschildert und selbst wenn, w\u00e4re der Radfahrer in der falschen Richtung dort unterwegs gewesen.<\/p>\n<p>Ein weiterer Grund, mit seinem <b>Fahr<\/b>rad auch dort zu fahren, wo man gesehen wird und wo man hingeh\u00f6rt: auf der <b>Fahr<\/b>bahn!<\/p>\n","protected":false},"excerpt":{"rendered":"<p>aus dem Polizeibericht: 28.04.2006 &#8211; 10:11 UhrBad Oeynhausen\/Innenstadt (ots) &#8211; Zu einem Verkehrsunfall kam es am Donnerstag gegen 17.25 Uhr auf der Weserstra\u00dfe. Ein 33-j\u00e4hriger Mann befand sich mit seinem schwarzen BMW auf dem Gel\u00e4nde einer Tankstelle und wollte dieses &hellip;<\/p>\n<p class=\"read-more\"> <a class=\"more-link\" href=\"https:\/\/www.andreas-edler.de\/blog\/2006\/04\/radweg-unfall\/\"> <span class=\"screen-reader-text\">Radweg Unfall<\/span> Weiterlesen &raquo;<\/a><\/p>\n","protected":false},"author":1,"featured_media":0,"comment_status":"open","ping_status":"open","sticky":false,"template":"","format":"standard","meta":{"ngg_post_thumbnail":0,"activitypub_content_warning":"","activitypub_content_visibility":"","activitypub_max_image_attachments":2,"activitypub_interaction_policy_quote":"anyone","activitypub_status":"","footnotes":""},"categories":[1],"tags":[],"class_list":["post-4924","post","type-post","status-publish","format-standard","hentry","category-allgemein"],"share_on_mastodon":{"url":"","error":""},"_links":{"self":[{"href":"https:\/\/www.andreas-edler.de\/blog\/wp-json\/wp\/v2\/posts\/4924","targetHints":{"allow":["GET"]}}],"collection":[{"href":"https:\/\/www.andreas-edler.de\/blog\/wp-json\/wp\/v2\/posts"}],"about":[{"href":"https:\/\/www.andreas-edler.de\/blog\/wp-json\/wp\/v2\/types\/post"}],"author":[{"embeddable":true,"href":"https:\/\/www.andreas-edler.de\/blog\/wp-json\/wp\/v2\/users\/1"}],"replies":[{"embeddable":true,"href":"https:\/\/www.andreas-edler.de\/blog\/wp-json\/wp\/v2\/comments?post=4924"}],"version-history":[{"count":0,"href":"https:\/\/www.andreas-edler.de\/blog\/wp-json\/wp\/v2\/posts\/4924\/revisions"}],"wp:attachment":[{"href":"https:\/\/www.andreas-edler.de\/blog\/wp-json\/wp\/v2\/media?parent=4924"}],"wp:term":[{"taxonomy":"category","embeddable":true,"href":"https:\/\/www.andreas-edler.de\/blog\/wp-json\/wp\/v2\/categories?post=4924"},{"taxonomy":"post_tag","embeddable":true,"href":"https:\/\/www.andreas-edler.de\/blog\/wp-json\/wp\/v2\/tags?post=4924"}],"curies":[{"name":"wp","href":"https:\/\/api.w.org\/{rel}","templated":true}]}}