{"id":4855,"date":"2006-03-21T06:54:00","date_gmt":"2006-03-21T05:54:00","guid":{"rendered":"http:\/\/www.andreas-edler.de\/blog\/2006\/03\/defizit-bei-schilderdeutung\/"},"modified":"2006-03-21T06:54:00","modified_gmt":"2006-03-21T05:54:00","slug":"defizit-bei-schilderdeutung","status":"publish","type":"post","link":"https:\/\/www.andreas-edler.de\/blog\/2006\/03\/defizit-bei-schilderdeutung\/","title":{"rendered":"Defizit bei Schilderdeutung"},"content":{"rendered":"<p>Heute fordert die <a href=\"http:\/\/www.nw-news.de\">Neue Westf\u00e4lische<\/a> zur Mithilfe bei der Suche nach einem Parkplatzs\u00fcnder auf, der ein abgestelltes KFZ besch\u00e4digt hat. Allerdings ist der Zeitung bei der Tatortbeschreibung ein kleines Malheur passiert, bzw. bei der \u00dcbernahme <a href=\"http:\/\/www.presseportal.de\/polizeipresse\/p_story.htx?nr=800383&#038;firmaid=43553&#038;keygroup=\">der Pressemeldung der Polizei<\/a>.<\/p>\n<p>Vor der deutschen Bank in der Portastra\u00dfe gibt es n\u00e4mlich keinen Parkplatz. Das dort aufgestellte Schild <\/p>\n<div class=\"postzitat\">&#8222;Widerrechtlich parkende Fahrzeuge werden kostenpflichtig abgeschleppt. Der B\u00fcrgermeister&#8220;<\/div>\n<p> sagt sogar das genaue Gegenteil aus. Mal abgesehen davon, dass dieser Platz sowieso mitten in einer Fu\u00dfg\u00e4ngerzone liegt.<\/p>\n<p>Wenn hier nun auch noch &#8222;offiziell&#8220; von der Polizei ein &#8222;Parkplatz&#8220; aus der Fu\u00dfg\u00e4ngerzone gemacht wird, dann sollte man aber dort doch bitte auch <a href=\"http:\/\/www.andreas-edler.de\/2005\/04\/vom-radfahren-in-bad-oeynhausens.html\">das Radfahren erlauben<\/a>.<\/p>\n","protected":false},"excerpt":{"rendered":"<p>Heute fordert die Neue Westf\u00e4lische zur Mithilfe bei der Suche nach einem Parkplatzs\u00fcnder auf, der ein abgestelltes KFZ besch\u00e4digt hat. Allerdings ist der Zeitung bei der Tatortbeschreibung ein kleines Malheur passiert, bzw. bei der \u00dcbernahme der Pressemeldung der Polizei. Vor &hellip;<\/p>\n<p class=\"read-more\"> <a class=\"more-link\" href=\"https:\/\/www.andreas-edler.de\/blog\/2006\/03\/defizit-bei-schilderdeutung\/\"> <span class=\"screen-reader-text\">Defizit bei Schilderdeutung<\/span> Weiterlesen &raquo;<\/a><\/p>\n","protected":false},"author":1,"featured_media":0,"comment_status":"open","ping_status":"open","sticky":false,"template":"","format":"standard","meta":{"ngg_post_thumbnail":0,"activitypub_content_warning":"","activitypub_content_visibility":"","activitypub_max_image_attachments":2,"activitypub_interaction_policy_quote":"anyone","activitypub_status":"","footnotes":""},"categories":[1],"tags":[],"class_list":["post-4855","post","type-post","status-publish","format-standard","hentry","category-allgemein"],"share_on_mastodon":{"url":"","error":""},"_links":{"self":[{"href":"https:\/\/www.andreas-edler.de\/blog\/wp-json\/wp\/v2\/posts\/4855","targetHints":{"allow":["GET"]}}],"collection":[{"href":"https:\/\/www.andreas-edler.de\/blog\/wp-json\/wp\/v2\/posts"}],"about":[{"href":"https:\/\/www.andreas-edler.de\/blog\/wp-json\/wp\/v2\/types\/post"}],"author":[{"embeddable":true,"href":"https:\/\/www.andreas-edler.de\/blog\/wp-json\/wp\/v2\/users\/1"}],"replies":[{"embeddable":true,"href":"https:\/\/www.andreas-edler.de\/blog\/wp-json\/wp\/v2\/comments?post=4855"}],"version-history":[{"count":0,"href":"https:\/\/www.andreas-edler.de\/blog\/wp-json\/wp\/v2\/posts\/4855\/revisions"}],"wp:attachment":[{"href":"https:\/\/www.andreas-edler.de\/blog\/wp-json\/wp\/v2\/media?parent=4855"}],"wp:term":[{"taxonomy":"category","embeddable":true,"href":"https:\/\/www.andreas-edler.de\/blog\/wp-json\/wp\/v2\/categories?post=4855"},{"taxonomy":"post_tag","embeddable":true,"href":"https:\/\/www.andreas-edler.de\/blog\/wp-json\/wp\/v2\/tags?post=4855"}],"curies":[{"name":"wp","href":"https:\/\/api.w.org\/{rel}","templated":true}]}}