{"id":4841,"date":"2006-03-15T08:04:00","date_gmt":"2006-03-15T07:04:00","guid":{"rendered":"http:\/\/www.andreas-edler.de\/blog\/2006\/03\/rauchverbot-per-gesetz\/"},"modified":"2006-03-15T08:04:00","modified_gmt":"2006-03-15T07:04:00","slug":"rauchverbot-per-gesetz","status":"publish","type":"post","link":"https:\/\/www.andreas-edler.de\/blog\/2006\/03\/rauchverbot-per-gesetz\/","title":{"rendered":"Rauchverbot per Gesetz"},"content":{"rendered":"<p>In vielen europ\u00e4ischen Staaten gibt es bereits ein Rauchverbot an \u00f6ffentlichen Orten. Zuletzt wurden Englands Kneipen per Gesetz rauchfrei gemacht. Auch hierzulande <a href=\"http:\/\/www.newsclick.de\/index.jsp\/menuid\/472005\/artid\/5182093\">beginnt die Diskussion<\/a> erneut. Und das ist gut so, denn es hat nichts mit <a href=\"http:\/\/juergendick.twoday.net\/stories\/1622972\/\">Bevormundung<\/a> zu tun, sondern damit, dass sich freiwillig &#8211; im Bundestag scheinen das einige bereits erkannt zu haben &#8211; keine Sau an eine &#8222;Empfehlung&#8220; in Kneipen nicht zu rauchen, halten w\u00fcrde.<\/p>\n<p>Es stimmt, dass sich jeder so gut er kann und so wie er will sich selbst zu Grunde richten soll und darf! Da habe ich nichts dagegen einzuwenden. Allerdings h\u00f6rt die Freiheit des einen exakt dort auf, wo die des anderen beginnt.<\/p>\n<p>Und an \u00f6ffentlichen Orten &#8211; dazu geh\u00f6ren auch Gastst\u00e4tten &#8211; sind nunmal die Einen und auch die Anderen. Und wenn ich als Nichtraucher nicht rauche, habe ich keinerlei M\u00f6glichkeit etwas zu tun um dem Rauch des Rauchers zu entgehen, au\u00dfer zu fl\u00fcchten.<\/p>\n<p>Und gerade dort beginnt meine Freiheit, <a href=\"http:\/\/www.andreas-edler.de\/raucher.htm\">ich muss n\u00e4mlich nicht verschwinden<\/a>. Ich habe die gleichen Rechte wie der Raucher. Und eben darum h\u00f6rt die Freiheit des Rauchers genau dort auf! Er darf zu Hause oder dort, wo er mich nicht bel\u00e4stigt gerne seine Gesundheit ruinieren, nur meine soll und mu\u00df er bitte sch\u00f6n in Ruhe lassen.<\/p>\n<p>Und wenn jemand, eine \u00f6ffentliche St\u00e4tte betreiben m\u00f6chte, dann soll er Sorge daf\u00fcr tragen, dass diejenigen, die diese Selbstverst\u00e4ndlichkeit nicht beherzigen, dies tun. Sprich: das Rauchen mu\u00df an \u00f6ffentlich zug\u00e4nglichen Orten verboten werden. Von selbst kommt der Gro\u00dfteil der Raucher nicht auf den Gedanken, er w\u00fcrde st\u00f6ren. Wenn der Gastronom das nicht m\u00f6chte, soll er seinen Zugang einschr\u00e4nken und Mitgliedsausweise verteilen. Wenn er aber Nichtraucher einl\u00e4\u00dft, dann hat der Laden rauchfei zu sein. Da gibt es auch keine Diskussionsgrundlage.<\/p>\n","protected":false},"excerpt":{"rendered":"<p>In vielen europ\u00e4ischen Staaten gibt es bereits ein Rauchverbot an \u00f6ffentlichen Orten. Zuletzt wurden Englands Kneipen per Gesetz rauchfrei gemacht. Auch hierzulande beginnt die Diskussion erneut. Und das ist gut so, denn es hat nichts mit Bevormundung zu tun, sondern &hellip;<\/p>\n<p class=\"read-more\"> <a class=\"more-link\" href=\"https:\/\/www.andreas-edler.de\/blog\/2006\/03\/rauchverbot-per-gesetz\/\"> <span class=\"screen-reader-text\">Rauchverbot per Gesetz<\/span> Weiterlesen &raquo;<\/a><\/p>\n","protected":false},"author":1,"featured_media":0,"comment_status":"open","ping_status":"open","sticky":false,"template":"","format":"standard","meta":{"ngg_post_thumbnail":0,"activitypub_content_warning":"","activitypub_content_visibility":"","activitypub_max_image_attachments":2,"activitypub_interaction_policy_quote":"anyone","activitypub_status":"","footnotes":""},"categories":[1],"tags":[],"class_list":["post-4841","post","type-post","status-publish","format-standard","hentry","category-allgemein"],"share_on_mastodon":{"url":"","error":""},"_links":{"self":[{"href":"https:\/\/www.andreas-edler.de\/blog\/wp-json\/wp\/v2\/posts\/4841","targetHints":{"allow":["GET"]}}],"collection":[{"href":"https:\/\/www.andreas-edler.de\/blog\/wp-json\/wp\/v2\/posts"}],"about":[{"href":"https:\/\/www.andreas-edler.de\/blog\/wp-json\/wp\/v2\/types\/post"}],"author":[{"embeddable":true,"href":"https:\/\/www.andreas-edler.de\/blog\/wp-json\/wp\/v2\/users\/1"}],"replies":[{"embeddable":true,"href":"https:\/\/www.andreas-edler.de\/blog\/wp-json\/wp\/v2\/comments?post=4841"}],"version-history":[{"count":0,"href":"https:\/\/www.andreas-edler.de\/blog\/wp-json\/wp\/v2\/posts\/4841\/revisions"}],"wp:attachment":[{"href":"https:\/\/www.andreas-edler.de\/blog\/wp-json\/wp\/v2\/media?parent=4841"}],"wp:term":[{"taxonomy":"category","embeddable":true,"href":"https:\/\/www.andreas-edler.de\/blog\/wp-json\/wp\/v2\/categories?post=4841"},{"taxonomy":"post_tag","embeddable":true,"href":"https:\/\/www.andreas-edler.de\/blog\/wp-json\/wp\/v2\/tags?post=4841"}],"curies":[{"name":"wp","href":"https:\/\/api.w.org\/{rel}","templated":true}]}}