{"id":4836,"date":"2006-03-12T14:37:00","date_gmt":"2006-03-12T13:37:00","guid":{"rendered":"http:\/\/www.andreas-edler.de\/blog\/2006\/03\/gepacktrager-wieder-dran\/"},"modified":"2013-11-02T15:25:14","modified_gmt":"2013-11-02T14:25:14","slug":"gepcktrger-wieder-dran","status":"publish","type":"post","link":"https:\/\/www.andreas-edler.de\/blog\/2006\/03\/gepcktrger-wieder-dran\/","title":{"rendered":"Gep\u00e4cktr\u00e4ger wieder dran"},"content":{"rendered":"<div class=\"bild\"><img decoding=\"async\" src=\"http:\/\/www.andreas-edler.de\/grafik\/blog\/20060312_packtaschen.jpg\"><br \/>Archivfoto<\/div>\n<p>Sieht zwar nicht so cool aus, hat aber Vorteile, wenn man mal was transportieren will. Und f\u00fcr die Eisdiele und das schnelle Fahren habe ich ja jetzt <a href=\"http:\/\/www.andreas-edler.de\/blog\/2006\/02\/es-ist-soweit\/\" title=\"Es ist soweit\">das Sub 30<\/a>. Nat\u00fcrlich hatte ich mir im letzten Jahr nicht gemerkt, wo welche Schraube hinkam. Aber es ist ja auch nur ein Gep\u00e4cktr\u00e4ger. Nach 10 Minuten sa\u00df das Ding.<\/p>\n<p>Jetzt mu\u00df ich mir noch eine kleine Halterung basteln, die die beiden Packtaschen oben am Tr\u00e4ger zusammenh\u00e4lt. Wenn die Taschen beladen sind, h\u00e4ngen sie doch leicht nach au\u00dfen und ich habe Sorge, dass die Halterungen aus dem Stoff rei\u00dfen. Mit einem zus\u00e4tzlichen B\u00fcgel w\u00e4re die Gefahr gebannt. Dann noch eine neue SRAM-Kette und ein wenig putzen und die Tour vom 28.04. bis 01.05. kann starten.<\/p>\n<p>Eigentlich nur bis Hannoversch-M\u00fcnden &#8230; aber wenn ich mir die Karte so ansehe, ist Kassel vielleicht auch kein schlechter Endpunkt!<\/p>\n","protected":false},"excerpt":{"rendered":"<p>Archivfoto Sieht zwar nicht so cool aus, hat aber Vorteile, wenn man mal was transportieren will. Und f\u00fcr die Eisdiele und das schnelle Fahren habe ich ja jetzt das Sub 30. Nat\u00fcrlich hatte ich mir im letzten Jahr nicht gemerkt, &hellip;<\/p>\n<p class=\"read-more\"> <a class=\"more-link\" href=\"https:\/\/www.andreas-edler.de\/blog\/2006\/03\/gepcktrger-wieder-dran\/\"> <span class=\"screen-reader-text\">Gep\u00e4cktr\u00e4ger wieder dran<\/span> Weiterlesen &raquo;<\/a><\/p>\n","protected":false},"author":1,"featured_media":0,"comment_status":"open","ping_status":"open","sticky":false,"template":"","format":"standard","meta":{"ngg_post_thumbnail":0,"activitypub_content_warning":"","activitypub_content_visibility":"","activitypub_max_image_attachments":2,"activitypub_interaction_policy_quote":"anyone","activitypub_status":"","footnotes":""},"categories":[1],"tags":[],"class_list":["post-4836","post","type-post","status-publish","format-standard","hentry","category-allgemein"],"share_on_mastodon":{"url":"","error":""},"_links":{"self":[{"href":"https:\/\/www.andreas-edler.de\/blog\/wp-json\/wp\/v2\/posts\/4836","targetHints":{"allow":["GET"]}}],"collection":[{"href":"https:\/\/www.andreas-edler.de\/blog\/wp-json\/wp\/v2\/posts"}],"about":[{"href":"https:\/\/www.andreas-edler.de\/blog\/wp-json\/wp\/v2\/types\/post"}],"author":[{"embeddable":true,"href":"https:\/\/www.andreas-edler.de\/blog\/wp-json\/wp\/v2\/users\/1"}],"replies":[{"embeddable":true,"href":"https:\/\/www.andreas-edler.de\/blog\/wp-json\/wp\/v2\/comments?post=4836"}],"version-history":[{"count":0,"href":"https:\/\/www.andreas-edler.de\/blog\/wp-json\/wp\/v2\/posts\/4836\/revisions"}],"wp:attachment":[{"href":"https:\/\/www.andreas-edler.de\/blog\/wp-json\/wp\/v2\/media?parent=4836"}],"wp:term":[{"taxonomy":"category","embeddable":true,"href":"https:\/\/www.andreas-edler.de\/blog\/wp-json\/wp\/v2\/categories?post=4836"},{"taxonomy":"post_tag","embeddable":true,"href":"https:\/\/www.andreas-edler.de\/blog\/wp-json\/wp\/v2\/tags?post=4836"}],"curies":[{"name":"wp","href":"https:\/\/api.w.org\/{rel}","templated":true}]}}