{"id":4810,"date":"2006-02-27T20:02:00","date_gmt":"2006-02-27T19:02:00","guid":{"rendered":"http:\/\/www.andreas-edler.de\/blog\/2006\/02\/neue-barends\/"},"modified":"2006-02-27T20:02:00","modified_gmt":"2006-02-27T19:02:00","slug":"neue-barends","status":"publish","type":"post","link":"https:\/\/www.andreas-edler.de\/blog\/2006\/02\/neue-barends\/","title":{"rendered":"Neue Barends"},"content":{"rendered":"<p>Am <a href=\"http:\/\/www.andreas-edler.de\/2006\/02\/es-ist-soweit.html\">neuen Rad<\/a> sind an dem Besenstiel-Lenker keine H\u00f6rnchen gewesen. Nach der ersten Fahrt bin ich n\u00e4chsten Tages sofort wieder zum <a href=\"http:\/\/www.radladen.com\">Radladen<\/a> geschlappt um diese Dinger nachzur\u00fcsten. Und wie ich so bin, schiele ich nat\u00fcrlich zuerst auf Optik und &#8211; in diesem Fall &#8211; Gewicht. 57 gewogene Gramm sind schon mal ein Wort. Cool aussehen taten die Spie\u00dfer am Lenker auch &#8230; nur fahren war beschissen mit meinen Pranken.<\/p>\n<p>Nach knapp 120 Km hab&#8216; ich&#8217;s nun auch eingesehen und mir etwas geholt, was zu meinen H\u00e4nden passt. Wiegen jetzt zwar 110 Gramm, liegen daf\u00fcr aber sowas von gut in der Hand! Oben eine kleine Mulde f\u00fcr den Daumen, genau richtiger Winkel f\u00fcr die Gelenke und vorne etwas breiter, so dass ich prima mit dem Handballen aufliege. Eben gerade noch 25 Km gedreht und ich bin zufrieden. Die &#8222;Tranz X&#8220; Enden sind sehr griffig und ich kann mich am Berg gut festhalten. Kein Vergleich zu den filigranen &#8222;Smica&#8220; Dingern!<\/p>\n<p>Nun brauche ich nur noch einen neuen Sattel! Es hat nich zuf\u00e4llig jemand einen <a href=\"http:\/\/www.andreas-edler.de\/2005\/04\/fest-im-sattel.html\">Selle Italia Explorer<\/a> in schwarz im Keller liegen? Oder kennt einen H\u00e4ndler, der einen hat? Seufz, warum werden die guten Sachen nicht weiter gebaut &#8230;<\/p>\n<p align=\"center\"><img decoding=\"async\" src=\"http:\/\/www.andreas-edler.de\/grafik\/blog\/20060227_barends_1.jpg\"><\/p>\n","protected":false},"excerpt":{"rendered":"<p>Am neuen Rad sind an dem Besenstiel-Lenker keine H\u00f6rnchen gewesen. Nach der ersten Fahrt bin ich n\u00e4chsten Tages sofort wieder zum Radladen geschlappt um diese Dinger nachzur\u00fcsten. Und wie ich so bin, schiele ich nat\u00fcrlich zuerst auf Optik und &#8211; &hellip;<\/p>\n<p class=\"read-more\"> <a class=\"more-link\" href=\"https:\/\/www.andreas-edler.de\/blog\/2006\/02\/neue-barends\/\"> <span class=\"screen-reader-text\">Neue Barends<\/span> Weiterlesen &raquo;<\/a><\/p>\n","protected":false},"author":1,"featured_media":0,"comment_status":"open","ping_status":"open","sticky":false,"template":"","format":"standard","meta":{"ngg_post_thumbnail":0,"activitypub_content_warning":"","activitypub_content_visibility":"","activitypub_max_image_attachments":2,"activitypub_interaction_policy_quote":"anyone","activitypub_status":"","footnotes":""},"categories":[1],"tags":[],"class_list":["post-4810","post","type-post","status-publish","format-standard","hentry","category-allgemein"],"share_on_mastodon":{"url":"","error":""},"_links":{"self":[{"href":"https:\/\/www.andreas-edler.de\/blog\/wp-json\/wp\/v2\/posts\/4810","targetHints":{"allow":["GET"]}}],"collection":[{"href":"https:\/\/www.andreas-edler.de\/blog\/wp-json\/wp\/v2\/posts"}],"about":[{"href":"https:\/\/www.andreas-edler.de\/blog\/wp-json\/wp\/v2\/types\/post"}],"author":[{"embeddable":true,"href":"https:\/\/www.andreas-edler.de\/blog\/wp-json\/wp\/v2\/users\/1"}],"replies":[{"embeddable":true,"href":"https:\/\/www.andreas-edler.de\/blog\/wp-json\/wp\/v2\/comments?post=4810"}],"version-history":[{"count":0,"href":"https:\/\/www.andreas-edler.de\/blog\/wp-json\/wp\/v2\/posts\/4810\/revisions"}],"wp:attachment":[{"href":"https:\/\/www.andreas-edler.de\/blog\/wp-json\/wp\/v2\/media?parent=4810"}],"wp:term":[{"taxonomy":"category","embeddable":true,"href":"https:\/\/www.andreas-edler.de\/blog\/wp-json\/wp\/v2\/categories?post=4810"},{"taxonomy":"post_tag","embeddable":true,"href":"https:\/\/www.andreas-edler.de\/blog\/wp-json\/wp\/v2\/tags?post=4810"}],"curies":[{"name":"wp","href":"https:\/\/api.w.org\/{rel}","templated":true}]}}