{"id":4805,"date":"2006-02-25T19:04:00","date_gmt":"2006-02-25T18:04:00","guid":{"rendered":"http:\/\/www.andreas-edler.de\/blog\/2006\/02\/john-deere-5400\/"},"modified":"2006-02-25T19:04:00","modified_gmt":"2006-02-25T18:04:00","slug":"john-deere-5400","status":"publish","type":"post","link":"https:\/\/www.andreas-edler.de\/blog\/2006\/02\/john-deere-5400\/","title":{"rendered":"John Deere 5400"},"content":{"rendered":"<div class=\"bild\"><img decoding=\"async\" src=\"http:\/\/www.andreas-edler.de\/grafik\/blog\/20060225_marsberg.jpg\"><\/div>\n<p>Der alte 135er Fergusson von Opa ist schon recht betagt. Irgendwo Mitte der 60er Jahre ist der Traktor gebaut worden, verrichtet auch noch fast klaglos seinen Dienst. Aber damals waren Servolenkung und hydraulische Schaltung halt noch unbekannte oder unerschwingliche Sachen. Und man wird ja nicht j\u00fcnger. Also \u00fcberlegt der Gro\u00dfgrundbesitzer, ob evtl. ein neuer Ackerschlepper auf den Hof soll.<\/p>\n<p>Die Jungs (Onkel, Opa, Papa und Tim) waren also heute morgen on the road um einen gebrauchten John Deere 5400 bei <a href=\"http:\/\/www.schuette-landtechnik.de\/\">Sch\u00fctte Landtechnik<\/a> in Marsberg zu begutachten. 120 Km Fahrt nur f\u00fcr D\u00f6nekens ;-) Da unten ist tats\u00e4chlich noch Winter! Lag auf den Feldern richtig hoch und teilweise waren die Stra\u00dfen verweht -und 8\u00b0C k\u00e4lter als bei uns war es auch!<\/p>\n<p>Der Traktor ist 6 Jahre alt, hat 2.400 Betriebsstunden und macht insgesamt einen schlanken Fu\u00df. Man sieht zwar, dass er in Benutzung war, aber Motor und so ist sehr gut beieinander. Opa hat eine kleine Probefahrt gemacht. Mit Kabine geht das auch bei Minusgraden dort noch bequem. Radio ist auch mit an Bord gewesen :-)<\/p>\n<p>Tja, mu\u00df er jetzt nur noch \u00fcberlegen, ob er das Geld f\u00fcr das Ger\u00e4t raushaut. Ist im wesentlichen nun wirklich nur f\u00fcr&#8217;s Hobby. Und f\u00fcr den Preis kann man den Massey Fergusson 135 vier mal general \u00fcberholen. Und der hat viel mehr Charme &#8230;<\/p>\n<p align=\"center\"><img decoding=\"async\" src=\"http:\/\/www.andreas-edler.de\/grafik\/blog\/20060225_john_deere1.jpg\"><\/p>\n","protected":false},"excerpt":{"rendered":"<p>Der alte 135er Fergusson von Opa ist schon recht betagt. Irgendwo Mitte der 60er Jahre ist der Traktor gebaut worden, verrichtet auch noch fast klaglos seinen Dienst. Aber damals waren Servolenkung und hydraulische Schaltung halt noch unbekannte oder unerschwingliche Sachen. &hellip;<\/p>\n<p class=\"read-more\"> <a class=\"more-link\" href=\"https:\/\/www.andreas-edler.de\/blog\/2006\/02\/john-deere-5400\/\"> <span class=\"screen-reader-text\">John Deere 5400<\/span> Weiterlesen &raquo;<\/a><\/p>\n","protected":false},"author":1,"featured_media":0,"comment_status":"open","ping_status":"open","sticky":false,"template":"","format":"standard","meta":{"ngg_post_thumbnail":0,"activitypub_content_warning":"","activitypub_content_visibility":"","activitypub_max_image_attachments":2,"activitypub_interaction_policy_quote":"anyone","activitypub_status":"","footnotes":""},"categories":[1],"tags":[],"class_list":["post-4805","post","type-post","status-publish","format-standard","hentry","category-allgemein"],"share_on_mastodon":{"url":"","error":""},"_links":{"self":[{"href":"https:\/\/www.andreas-edler.de\/blog\/wp-json\/wp\/v2\/posts\/4805","targetHints":{"allow":["GET"]}}],"collection":[{"href":"https:\/\/www.andreas-edler.de\/blog\/wp-json\/wp\/v2\/posts"}],"about":[{"href":"https:\/\/www.andreas-edler.de\/blog\/wp-json\/wp\/v2\/types\/post"}],"author":[{"embeddable":true,"href":"https:\/\/www.andreas-edler.de\/blog\/wp-json\/wp\/v2\/users\/1"}],"replies":[{"embeddable":true,"href":"https:\/\/www.andreas-edler.de\/blog\/wp-json\/wp\/v2\/comments?post=4805"}],"version-history":[{"count":0,"href":"https:\/\/www.andreas-edler.de\/blog\/wp-json\/wp\/v2\/posts\/4805\/revisions"}],"wp:attachment":[{"href":"https:\/\/www.andreas-edler.de\/blog\/wp-json\/wp\/v2\/media?parent=4805"}],"wp:term":[{"taxonomy":"category","embeddable":true,"href":"https:\/\/www.andreas-edler.de\/blog\/wp-json\/wp\/v2\/categories?post=4805"},{"taxonomy":"post_tag","embeddable":true,"href":"https:\/\/www.andreas-edler.de\/blog\/wp-json\/wp\/v2\/tags?post=4805"}],"curies":[{"name":"wp","href":"https:\/\/api.w.org\/{rel}","templated":true}]}}