{"id":47970,"date":"2014-03-13T19:23:39","date_gmt":"2014-03-13T18:23:39","guid":{"rendered":"http:\/\/www.andreas-edler.de\/blog\/?p=47970"},"modified":"2014-03-13T19:23:39","modified_gmt":"2014-03-13T18:23:39","slug":"trotz-abbremsen-die-vorfahrt-genommen","status":"publish","type":"post","link":"https:\/\/www.andreas-edler.de\/blog\/2014\/03\/trotz-abbremsen-die-vorfahrt-genommen\/","title":{"rendered":"Trotz Abbremsen die Vorfahrt genommen"},"content":{"rendered":"<p>Steht leider nicht so deutlich in der Pressemeldung, aber immerhin kann sich die Polizei dazu durchringen, mitzuteilen, dass die Radfahrerin &#8222;ordnungsgem\u00e4\u00df den Radweg benutzt&#8220; hat. <cite>Pol. Mi-L\u00fc: <b><a href=\"http:\/\/www.presseportal.de\/polizeipresse\/pm\/43553\/2686608\/pol-mi-radfahrerin-wird-verletzt\/rss\">Radfahrerin wird verletzt<\/a><\/b><br \/>\n&#8230; war ein Autofahrer (18) gegen 18.15 Uhr auf der Birger-Forell-Stra\u00dfe [in Espelkamp] in Richtung Rahdener Stra\u00dfe unterwegs. An der Einm\u00fcndung mit der vorfahrtberechtigten Stra\u00dfe bremste er sein Fahrzeug ab. Dennoch kam es zur Kollision mit der aus seiner Sicht von links kommenden Frau, welche mit ihrem Pedelec ordnungsgem\u00e4\u00df auf dem Radweg den Einm\u00fcndungsbereich in Richtung Breslauer Stra\u00dfe passieren wollte.<br \/>\n<br \/>\nDie 66-J\u00e4hrige verlor durch den Ansto\u00df das Gleichgewicht und kam zu Fall &#8230;<\/cite><!--more--> Was soll der arme Junge auch noch machen? Er hat sein Auto sogar abgebremst! Kann er denn was dazu, dass es dennoch zu einem niedlichen &#8222;Ansto\u00df&#8220; gekommen ist? Sein Soll hat er erf\u00fcllt! &#8211; \u00c4h, ja, da kann er was dazu! Er k\u00f6nnte ja vielleicht vor dem Einfahren in den Einm\u00fcndungs-\/Kreuzungsbereich auf die gesamte Stra\u00dfe achten. Dazu geh\u00f6rt auch ein Radweg, welcher leider, leider neben der Fahrbahn verl\u00e4uft.<\/p>\n<p>Es kann echt viel Aufmerksamtkeit verlangen, am Stra\u00dfenverkehr teilzunehmen. Neulich sagte mir ein Senior nach meinem <a href=\"http:\/\/www.andreas-edler.de\/blog\/2014\/01\/helle-kleidung-reicht-nicht-mehr\/\" title=\"\">Leserbrief<\/a> &#8211; ein bisschen erbost &#8211; ob ich meine, er solle jetzt nicht mehr Auto fahren. Er k\u00f6nne das alles nicht so beachten, wie ich es fordere. Nun, was soll ich darauf antworten? Ganz offensichtlich k\u00f6nnen das 18j\u00e4hrige auch nicht.<\/p>\n","protected":false},"excerpt":{"rendered":"<p>Steht leider nicht so deutlich in der Pressemeldung, aber immerhin kann sich die Polizei dazu durchringen, mitzuteilen, dass die Radfahrerin &#8222;ordnungsgem\u00e4\u00df den Radweg benutzt&#8220; hat. Pol. Mi-L\u00fc: Radfahrerin wird verletzt &#8230; war ein Autofahrer (18) gegen 18.15 Uhr auf der &hellip;<\/p>\n<p class=\"read-more\"> <a class=\"more-link\" href=\"https:\/\/www.andreas-edler.de\/blog\/2014\/03\/trotz-abbremsen-die-vorfahrt-genommen\/\"> <span class=\"screen-reader-text\">Trotz Abbremsen die Vorfahrt genommen<\/span> Weiterlesen &raquo;<\/a><\/p>\n","protected":false},"author":1,"featured_media":0,"comment_status":"open","ping_status":"open","sticky":false,"template":"","format":"standard","meta":{"ngg_post_thumbnail":0,"activitypub_content_warning":"","activitypub_content_visibility":"","activitypub_max_image_attachments":2,"activitypub_interaction_policy_quote":"anyone","activitypub_status":"","footnotes":""},"categories":[15,18,13],"tags":[34,127,59],"class_list":["post-47970","post","type-post","status-publish","format-standard","hentry","category-fahrrad","category-fraglich","category-verkehr","tag-kommunikation","tag-polizei","tag-presse"],"share_on_mastodon":{"url":"","error":""},"_links":{"self":[{"href":"https:\/\/www.andreas-edler.de\/blog\/wp-json\/wp\/v2\/posts\/47970","targetHints":{"allow":["GET"]}}],"collection":[{"href":"https:\/\/www.andreas-edler.de\/blog\/wp-json\/wp\/v2\/posts"}],"about":[{"href":"https:\/\/www.andreas-edler.de\/blog\/wp-json\/wp\/v2\/types\/post"}],"author":[{"embeddable":true,"href":"https:\/\/www.andreas-edler.de\/blog\/wp-json\/wp\/v2\/users\/1"}],"replies":[{"embeddable":true,"href":"https:\/\/www.andreas-edler.de\/blog\/wp-json\/wp\/v2\/comments?post=47970"}],"version-history":[{"count":0,"href":"https:\/\/www.andreas-edler.de\/blog\/wp-json\/wp\/v2\/posts\/47970\/revisions"}],"wp:attachment":[{"href":"https:\/\/www.andreas-edler.de\/blog\/wp-json\/wp\/v2\/media?parent=47970"}],"wp:term":[{"taxonomy":"category","embeddable":true,"href":"https:\/\/www.andreas-edler.de\/blog\/wp-json\/wp\/v2\/categories?post=47970"},{"taxonomy":"post_tag","embeddable":true,"href":"https:\/\/www.andreas-edler.de\/blog\/wp-json\/wp\/v2\/tags?post=47970"}],"curies":[{"name":"wp","href":"https:\/\/api.w.org\/{rel}","templated":true}]}}