{"id":4792,"date":"2006-02-18T12:59:00","date_gmt":"2006-02-18T11:59:00","guid":{"rendered":"http:\/\/www.andreas-edler.de\/blog\/2006\/02\/wie-kommt-otto-normalverbraucher-ins-internet\/"},"modified":"2006-02-18T12:59:00","modified_gmt":"2006-02-18T11:59:00","slug":"wie-kommt-otto-normalverbraucher-ins","status":"publish","type":"post","link":"https:\/\/www.andreas-edler.de\/blog\/2006\/02\/wie-kommt-otto-normalverbraucher-ins\/","title":{"rendered":"Wie kommt Otto-Normalverbraucher ins Internet"},"content":{"rendered":"<p>Das frage ich mich jedesmal, wenn ich irgendwo mal wieder einen Df\u00dc-Netzwerkzugang einrichte oder DSL installiere. Wenn alles nach Anleitunggemacht wird und nichts schief geht, bekommt das wahrscheinlich wirklich jede Dumpfbacke hin. Aber wehe, es ist nur ein Haken falsch gesetzt. Und das ist selbst f\u00fcr Erfahrerene nicht immer sofort ersichtlich.<\/p>\n<p>Gestern bei einem Ex-Kollegen gewesen, der mit ISDN nicht mehr ins Netz kam. Hatte mich schon Anfang der Woche angerufen, dass immer nur &#8222;Modem meldet Fehler&#8220; kam. Als erstes war gestern schon mal kein Passwort eingetragen. Wird er wohl versehentlich gel\u00f6scht haben. Danach gab&#8217;s allerdings immer noch diese omin\u00f6se Meldung. &#8222;wird gew\u00e4hlt&#8220; und dann Fehler. Hm. Ist zwar selten, aber vielleicht hat die FritzCard &#8217;nen Defekt. Also eine andere besorgt und heute nochmal hin. Karten getauscht (was Win2000 fast zum kollabieren brachte) und &#8211; gleiches Problem &#8222;wird gew\u00e4hlt&#8220; und dann Fehler. Ich nicht doof, hatte meinen externen Diva USB-Adapter dabei. Angeschlossen &#8222;wird gew\u00e4hlt&#8220; und dann Fehler. [GRMBL]<\/p>\n<p>Bis mir einfiel &#8230; \u00e4h &#8230; was wird eigentlich gew\u00e4hlt?! Nach 6 Jahren DSL ger\u00e4t offensichtlich die gute alte Telefonnummer in Vergessenheit. Klar meldet die Capi einen Fehler, wenn sie nicht wei\u00df, welche Nummer sie w\u00e4hlen soll. PATSCH. 0191011 eingetragen, &#8222;0191011 wird gew\u00e4hlt&#8220; und dann &#8222;Ich bin drin&#8220;. So einfach kann es sein.<\/p>\n","protected":false},"excerpt":{"rendered":"<p>Das frage ich mich jedesmal, wenn ich irgendwo mal wieder einen Df\u00dc-Netzwerkzugang einrichte oder DSL installiere. Wenn alles nach Anleitunggemacht wird und nichts schief geht, bekommt das wahrscheinlich wirklich jede Dumpfbacke hin. Aber wehe, es ist nur ein Haken falsch &hellip;<\/p>\n<p class=\"read-more\"> <a class=\"more-link\" href=\"https:\/\/www.andreas-edler.de\/blog\/2006\/02\/wie-kommt-otto-normalverbraucher-ins\/\"> <span class=\"screen-reader-text\">Wie kommt Otto-Normalverbraucher ins Internet<\/span> Weiterlesen &raquo;<\/a><\/p>\n","protected":false},"author":1,"featured_media":0,"comment_status":"open","ping_status":"open","sticky":false,"template":"","format":"standard","meta":{"ngg_post_thumbnail":0,"activitypub_content_warning":"","activitypub_content_visibility":"","activitypub_max_image_attachments":2,"activitypub_interaction_policy_quote":"anyone","activitypub_status":"","footnotes":""},"categories":[1],"tags":[],"class_list":["post-4792","post","type-post","status-publish","format-standard","hentry","category-allgemein"],"share_on_mastodon":{"url":"","error":""},"_links":{"self":[{"href":"https:\/\/www.andreas-edler.de\/blog\/wp-json\/wp\/v2\/posts\/4792","targetHints":{"allow":["GET"]}}],"collection":[{"href":"https:\/\/www.andreas-edler.de\/blog\/wp-json\/wp\/v2\/posts"}],"about":[{"href":"https:\/\/www.andreas-edler.de\/blog\/wp-json\/wp\/v2\/types\/post"}],"author":[{"embeddable":true,"href":"https:\/\/www.andreas-edler.de\/blog\/wp-json\/wp\/v2\/users\/1"}],"replies":[{"embeddable":true,"href":"https:\/\/www.andreas-edler.de\/blog\/wp-json\/wp\/v2\/comments?post=4792"}],"version-history":[{"count":0,"href":"https:\/\/www.andreas-edler.de\/blog\/wp-json\/wp\/v2\/posts\/4792\/revisions"}],"wp:attachment":[{"href":"https:\/\/www.andreas-edler.de\/blog\/wp-json\/wp\/v2\/media?parent=4792"}],"wp:term":[{"taxonomy":"category","embeddable":true,"href":"https:\/\/www.andreas-edler.de\/blog\/wp-json\/wp\/v2\/categories?post=4792"},{"taxonomy":"post_tag","embeddable":true,"href":"https:\/\/www.andreas-edler.de\/blog\/wp-json\/wp\/v2\/tags?post=4792"}],"curies":[{"name":"wp","href":"https:\/\/api.w.org\/{rel}","templated":true}]}}