{"id":4788,"date":"2006-02-16T05:15:00","date_gmt":"2006-02-16T04:15:00","guid":{"rendered":"http:\/\/www.andreas-edler.de\/blog\/2006\/02\/streichholzer-unter-die-augenlider-klemmen\/"},"modified":"2006-02-16T05:15:00","modified_gmt":"2006-02-16T04:15:00","slug":"streichhlzer-unter-die-augenlider","status":"publish","type":"post","link":"https:\/\/www.andreas-edler.de\/blog\/2006\/02\/streichhlzer-unter-die-augenlider\/","title":{"rendered":"Streichh\u00f6lzer unter die Augenlider klemmen"},"content":{"rendered":"<div class=\"bild\"><img decoding=\"async\" src=\"http:\/\/www.andreas-edler.de\/grafik\/blog\/20060216_kosmetik.gif\"><\/div>\n<p>Wird wohl ein probates Mittel sein, um heute die Augen offen zu halten :-( Habe gestern von kurz nach 17 Uhr bis kurz vor Mitternacht f\u00fcr einen ehemaligen Mitsch\u00fcler des <a href=\"http:\/\/www.flb-hf.de\/flb\/\">FLB<\/a> <a href=\"http:\/\/kosmetik.kenne-ich-nicht.de\">eine Umfrage<\/a> f\u00fcr deren <a href=\"http:\/\/projekt-blog.blogspot.com\/\">aktuelles Projekt<\/a> (<a href=\"http:\/\/www.andreas-edler.de\/2004\/06\/heute-morgen-gabs-nun-die.html\">drei Kreuze, dass ich das schon<\/a> <a href=\"http:\/\/www.andreas-edler.de\/2004\/07\/samstag-war-die-feierliche.html\">hinter mir habe<\/a>!) gebastelt. Das eigentliche Erstellen des Formulars h\u00e4tte wohl nicht so lange gedauert, aber ein wenig hatte ich an den Fragen rumzumosern und das Layout basteln habe ich dann auch noch etwas erkl\u00e4rt. Und zu guter Letzt wollte <a href=\"http:\/\/patrick-hohmann.blogspot.com\/\">Patrick<\/a> auch noch <a href=\"http:\/\/www.patrick-hohmann.de\/\">seine eigene Domain<\/a> registriert haben.<\/p>\n<p>Dann bin ich erst gegen 1 Uhr eingeschlafen und seit 4 schon wieder wach :-( Und heute abend steht <a href=\"http:\/\/www.sportpark-palfner.de\/\">2 Stunden Badminton<\/a> auf dem Programm. Ich f\u00fchle mich jetzt schon wie ger\u00e4dert &#8230; ich werde nach dem Spielen sowas von in die Sauna gehen! Hab&#8216; ja noch 12 Stunden Zeit, mich darauf zu freuen!<\/p>\n","protected":false},"excerpt":{"rendered":"<p>Wird wohl ein probates Mittel sein, um heute die Augen offen zu halten :-( Habe gestern von kurz nach 17 Uhr bis kurz vor Mitternacht f\u00fcr einen ehemaligen Mitsch\u00fcler des FLB eine Umfrage f\u00fcr deren aktuelles Projekt (drei Kreuze, dass &hellip;<\/p>\n<p class=\"read-more\"> <a class=\"more-link\" href=\"https:\/\/www.andreas-edler.de\/blog\/2006\/02\/streichhlzer-unter-die-augenlider\/\"> <span class=\"screen-reader-text\">Streichh\u00f6lzer unter die Augenlider klemmen<\/span> Weiterlesen &raquo;<\/a><\/p>\n","protected":false},"author":1,"featured_media":0,"comment_status":"open","ping_status":"open","sticky":false,"template":"","format":"standard","meta":{"ngg_post_thumbnail":0,"activitypub_content_warning":"","activitypub_content_visibility":"","activitypub_max_image_attachments":2,"activitypub_interaction_policy_quote":"anyone","activitypub_status":"","footnotes":""},"categories":[1],"tags":[],"class_list":["post-4788","post","type-post","status-publish","format-standard","hentry","category-allgemein"],"share_on_mastodon":{"url":"","error":""},"_links":{"self":[{"href":"https:\/\/www.andreas-edler.de\/blog\/wp-json\/wp\/v2\/posts\/4788","targetHints":{"allow":["GET"]}}],"collection":[{"href":"https:\/\/www.andreas-edler.de\/blog\/wp-json\/wp\/v2\/posts"}],"about":[{"href":"https:\/\/www.andreas-edler.de\/blog\/wp-json\/wp\/v2\/types\/post"}],"author":[{"embeddable":true,"href":"https:\/\/www.andreas-edler.de\/blog\/wp-json\/wp\/v2\/users\/1"}],"replies":[{"embeddable":true,"href":"https:\/\/www.andreas-edler.de\/blog\/wp-json\/wp\/v2\/comments?post=4788"}],"version-history":[{"count":0,"href":"https:\/\/www.andreas-edler.de\/blog\/wp-json\/wp\/v2\/posts\/4788\/revisions"}],"wp:attachment":[{"href":"https:\/\/www.andreas-edler.de\/blog\/wp-json\/wp\/v2\/media?parent=4788"}],"wp:term":[{"taxonomy":"category","embeddable":true,"href":"https:\/\/www.andreas-edler.de\/blog\/wp-json\/wp\/v2\/categories?post=4788"},{"taxonomy":"post_tag","embeddable":true,"href":"https:\/\/www.andreas-edler.de\/blog\/wp-json\/wp\/v2\/tags?post=4788"}],"curies":[{"name":"wp","href":"https:\/\/api.w.org\/{rel}","templated":true}]}}