{"id":4787,"date":"2006-02-14T18:27:00","date_gmt":"2006-02-14T17:27:00","guid":{"rendered":"http:\/\/www.andreas-edler.de\/blog\/2006\/02\/in-oeynhausen-gehts-nach-vorn\/"},"modified":"2006-02-14T18:27:00","modified_gmt":"2006-02-14T17:27:00","slug":"in-oeynhausen-gehts-nach-vorn","status":"publish","type":"post","link":"https:\/\/www.andreas-edler.de\/blog\/2006\/02\/in-oeynhausen-gehts-nach-vorn\/","title":{"rendered":"In Oeynhausen geht&#8217;s nach vorn!"},"content":{"rendered":"<p>Der <s>Polen-Platz<\/s> Inowroclaw-Platz in Bad Oeynhausen soll zum Flanieren und Verweilen einladen. So dachten es sich die Stadtv\u00e4ter dermaleinst. Gelegen ist er dazu wirklich sch\u00f6n, zur einen Seite der Kurpark, auf der anderen Seite die sch\u00f6n restaurierten Villen, Eingang in die Innenstadt. Und auch das Verkehrshaus mit seinem Infomaterial und den Buchungsm\u00f6glichkeiten war an der Stelle perfekt platziert. Hier gingen die Kurg\u00e4ste h\u00e4ufig entlang, es war weithin sichtbar und &#8211; so wird es ja immer wieder proklamiert &#8211; der Platz ist verkehrstechnisch ideal angebunden mit den umliegenden Parkh\u00e4usern.<\/p>\n<p>Nur leider ist die Stadt gerade dabei, das M\u00e4rchenmuseum zu demontieren und damit ein Highlight an dem Platz zu entsorgen und das Verkehrshaus ist bereits schon eine leere H\u00f6hle. Macht einen sehr einladenden Eindruck, wenn man da so in der Wintersonne die Stra\u00dfe herunter kommt :-\/<\/p>\n<p align=\"center\"><img decoding=\"async\" src=\"http:\/\/www.andreas-edler.de\/grafik\/blog\/20060214_polen_platz.jpg\"><\/p>\n","protected":false},"excerpt":{"rendered":"<p>Der Polen-Platz Inowroclaw-Platz in Bad Oeynhausen soll zum Flanieren und Verweilen einladen. So dachten es sich die Stadtv\u00e4ter dermaleinst. Gelegen ist er dazu wirklich sch\u00f6n, zur einen Seite der Kurpark, auf der anderen Seite die sch\u00f6n restaurierten Villen, Eingang in &hellip;<\/p>\n<p class=\"read-more\"> <a class=\"more-link\" href=\"https:\/\/www.andreas-edler.de\/blog\/2006\/02\/in-oeynhausen-gehts-nach-vorn\/\"> <span class=\"screen-reader-text\">In Oeynhausen geht&#8217;s nach vorn!<\/span> Weiterlesen &raquo;<\/a><\/p>\n","protected":false},"author":1,"featured_media":0,"comment_status":"open","ping_status":"open","sticky":false,"template":"","format":"standard","meta":{"ngg_post_thumbnail":0,"activitypub_content_warning":"","activitypub_content_visibility":"","activitypub_max_image_attachments":2,"activitypub_interaction_policy_quote":"anyone","activitypub_status":"","footnotes":""},"categories":[14],"tags":[],"class_list":["post-4787","post","type-post","status-publish","format-standard","hentry","category-bad-oeynhausen"],"share_on_mastodon":{"url":"","error":""},"_links":{"self":[{"href":"https:\/\/www.andreas-edler.de\/blog\/wp-json\/wp\/v2\/posts\/4787","targetHints":{"allow":["GET"]}}],"collection":[{"href":"https:\/\/www.andreas-edler.de\/blog\/wp-json\/wp\/v2\/posts"}],"about":[{"href":"https:\/\/www.andreas-edler.de\/blog\/wp-json\/wp\/v2\/types\/post"}],"author":[{"embeddable":true,"href":"https:\/\/www.andreas-edler.de\/blog\/wp-json\/wp\/v2\/users\/1"}],"replies":[{"embeddable":true,"href":"https:\/\/www.andreas-edler.de\/blog\/wp-json\/wp\/v2\/comments?post=4787"}],"version-history":[{"count":0,"href":"https:\/\/www.andreas-edler.de\/blog\/wp-json\/wp\/v2\/posts\/4787\/revisions"}],"wp:attachment":[{"href":"https:\/\/www.andreas-edler.de\/blog\/wp-json\/wp\/v2\/media?parent=4787"}],"wp:term":[{"taxonomy":"category","embeddable":true,"href":"https:\/\/www.andreas-edler.de\/blog\/wp-json\/wp\/v2\/categories?post=4787"},{"taxonomy":"post_tag","embeddable":true,"href":"https:\/\/www.andreas-edler.de\/blog\/wp-json\/wp\/v2\/tags?post=4787"}],"curies":[{"name":"wp","href":"https:\/\/api.w.org\/{rel}","templated":true}]}}