{"id":4766,"date":"2006-02-03T19:50:00","date_gmt":"2006-02-03T18:50:00","guid":{"rendered":"http:\/\/www.andreas-edler.de\/blog\/2006\/02\/nebel-schnee-und-frische-luft\/"},"modified":"2006-02-03T19:50:00","modified_gmt":"2006-02-03T18:50:00","slug":"nebel-schnee-und-frische-luft","status":"publish","type":"post","link":"https:\/\/www.andreas-edler.de\/blog\/2006\/02\/nebel-schnee-und-frische-luft\/","title":{"rendered":"Nebel, Schnee und frische Luft"},"content":{"rendered":"<p>P\u00fcnktlich um kurz nach 4 den Griffel fallen lassen, nach Hause und in die Freddy-Mercury-Gedenkhose gezw\u00e4ngt, Tchibo-Schal \u00fcber ALDI-Jacke und dar\u00fcber Nike-M\u00fctze und ab auf&#8217;s Rad :-)<\/p>\n<p>\u00dcber die Ku\u00dfbr\u00fccke zum Automuseum, hoch zur blauen Br\u00fccke, vorbei am Sch\u00fctzenheim hoch zum F\u00f6rster und einmal quer durch den Wald, zur\u00fcck zum alten F\u00f6rster, \u00fcber den Borweg durch die W\u00f6lpke bis zum S\u00fcdweg, durch die Fuchsgrund bis zur Bachstra\u00dfe, die H\u00fcffe lang bis zu Blumen-Schl\u00fcter und dann durch Rehme vorbei am Werrepark bis nach Hause.<\/p>\n<p>Hat das einen Spa\u00df gemacht!<\/p>\n<p><img decoding=\"async\" src=\"http:\/\/www.andreas-edler.de\/grafik\/blog\/200600203_alter_foerster1.jpg\"><\/p>\n<p><img decoding=\"async\" src=\"http:\/\/www.andreas-edler.de\/grafik\/blog\/200600203_alter_foerster2.jpg\"><\/p>\n<p>Und &#8222;ja&#8220; &#8230; ich brauche dringend ein Handy mit einer besseren Kamera! :-)<\/p>\n","protected":false},"excerpt":{"rendered":"<p>P\u00fcnktlich um kurz nach 4 den Griffel fallen lassen, nach Hause und in die Freddy-Mercury-Gedenkhose gezw\u00e4ngt, Tchibo-Schal \u00fcber ALDI-Jacke und dar\u00fcber Nike-M\u00fctze und ab auf&#8217;s Rad :-) \u00dcber die Ku\u00dfbr\u00fccke zum Automuseum, hoch zur blauen Br\u00fccke, vorbei am Sch\u00fctzenheim hoch &hellip;<\/p>\n<p class=\"read-more\"> <a class=\"more-link\" href=\"https:\/\/www.andreas-edler.de\/blog\/2006\/02\/nebel-schnee-und-frische-luft\/\"> <span class=\"screen-reader-text\">Nebel, Schnee und frische Luft<\/span> Weiterlesen &raquo;<\/a><\/p>\n","protected":false},"author":1,"featured_media":0,"comment_status":"open","ping_status":"open","sticky":false,"template":"","format":"standard","meta":{"ngg_post_thumbnail":0,"activitypub_content_warning":"","activitypub_content_visibility":"","activitypub_max_image_attachments":2,"activitypub_interaction_policy_quote":"anyone","activitypub_status":"","footnotes":""},"categories":[1],"tags":[],"class_list":["post-4766","post","type-post","status-publish","format-standard","hentry","category-allgemein"],"share_on_mastodon":{"url":"","error":""},"_links":{"self":[{"href":"https:\/\/www.andreas-edler.de\/blog\/wp-json\/wp\/v2\/posts\/4766","targetHints":{"allow":["GET"]}}],"collection":[{"href":"https:\/\/www.andreas-edler.de\/blog\/wp-json\/wp\/v2\/posts"}],"about":[{"href":"https:\/\/www.andreas-edler.de\/blog\/wp-json\/wp\/v2\/types\/post"}],"author":[{"embeddable":true,"href":"https:\/\/www.andreas-edler.de\/blog\/wp-json\/wp\/v2\/users\/1"}],"replies":[{"embeddable":true,"href":"https:\/\/www.andreas-edler.de\/blog\/wp-json\/wp\/v2\/comments?post=4766"}],"version-history":[{"count":0,"href":"https:\/\/www.andreas-edler.de\/blog\/wp-json\/wp\/v2\/posts\/4766\/revisions"}],"wp:attachment":[{"href":"https:\/\/www.andreas-edler.de\/blog\/wp-json\/wp\/v2\/media?parent=4766"}],"wp:term":[{"taxonomy":"category","embeddable":true,"href":"https:\/\/www.andreas-edler.de\/blog\/wp-json\/wp\/v2\/categories?post=4766"},{"taxonomy":"post_tag","embeddable":true,"href":"https:\/\/www.andreas-edler.de\/blog\/wp-json\/wp\/v2\/tags?post=4766"}],"curies":[{"name":"wp","href":"https:\/\/api.w.org\/{rel}","templated":true}]}}