{"id":4740,"date":"2006-01-14T16:11:00","date_gmt":"2006-01-14T15:11:00","guid":{"rendered":"http:\/\/www.andreas-edler.de\/blog\/2006\/01\/eis-unter-laub\/"},"modified":"2006-01-14T16:11:00","modified_gmt":"2006-01-14T15:11:00","slug":"eis-unter-laub","status":"publish","type":"post","link":"https:\/\/www.andreas-edler.de\/blog\/2006\/01\/eis-unter-laub\/","title":{"rendered":"Eis unter Laub"},"content":{"rendered":"<p>Eine ganz ungl\u00fcckliche Kombination! Als Michael vor mir in einer leicht absch\u00fcssigen Kurve pl\u00f6tzlich vorne wegglitschte, dachte ich noch, ich k\u00f6nnte drum herum rutschen. War wohl nicht so :-) Haben uns beide elegant auf die Seite gelegt. Gl\u00fccklicherweise nichts weiter passiert, nicht mal blaue Flecken mit denen man angeben kann. Nur an meiner linken Pedale ist der K\u00e4fig arg verbogen. Die werde ich wohl tauschen. Sitzt nicht mehr so gut.<\/p>\n<p>Die Fahrt war trotzdem sehr sch\u00f6n. Der Boden im Wald gefroren, die Luft kristallklar &#8211; und arschkalt! Cool :-)<\/p>\n","protected":false},"excerpt":{"rendered":"<p>Eine ganz ungl\u00fcckliche Kombination! Als Michael vor mir in einer leicht absch\u00fcssigen Kurve pl\u00f6tzlich vorne wegglitschte, dachte ich noch, ich k\u00f6nnte drum herum rutschen. War wohl nicht so :-) Haben uns beide elegant auf die Seite gelegt. Gl\u00fccklicherweise nichts weiter &hellip;<\/p>\n<p class=\"read-more\"> <a class=\"more-link\" href=\"https:\/\/www.andreas-edler.de\/blog\/2006\/01\/eis-unter-laub\/\"> <span class=\"screen-reader-text\">Eis unter Laub<\/span> Weiterlesen &raquo;<\/a><\/p>\n","protected":false},"author":1,"featured_media":0,"comment_status":"open","ping_status":"open","sticky":false,"template":"","format":"standard","meta":{"ngg_post_thumbnail":0,"activitypub_content_warning":"","activitypub_content_visibility":"","activitypub_max_image_attachments":2,"activitypub_interaction_policy_quote":"anyone","activitypub_status":"","footnotes":""},"categories":[1],"tags":[],"class_list":["post-4740","post","type-post","status-publish","format-standard","hentry","category-allgemein"],"share_on_mastodon":{"url":"","error":""},"_links":{"self":[{"href":"https:\/\/www.andreas-edler.de\/blog\/wp-json\/wp\/v2\/posts\/4740","targetHints":{"allow":["GET"]}}],"collection":[{"href":"https:\/\/www.andreas-edler.de\/blog\/wp-json\/wp\/v2\/posts"}],"about":[{"href":"https:\/\/www.andreas-edler.de\/blog\/wp-json\/wp\/v2\/types\/post"}],"author":[{"embeddable":true,"href":"https:\/\/www.andreas-edler.de\/blog\/wp-json\/wp\/v2\/users\/1"}],"replies":[{"embeddable":true,"href":"https:\/\/www.andreas-edler.de\/blog\/wp-json\/wp\/v2\/comments?post=4740"}],"version-history":[{"count":0,"href":"https:\/\/www.andreas-edler.de\/blog\/wp-json\/wp\/v2\/posts\/4740\/revisions"}],"wp:attachment":[{"href":"https:\/\/www.andreas-edler.de\/blog\/wp-json\/wp\/v2\/media?parent=4740"}],"wp:term":[{"taxonomy":"category","embeddable":true,"href":"https:\/\/www.andreas-edler.de\/blog\/wp-json\/wp\/v2\/categories?post=4740"},{"taxonomy":"post_tag","embeddable":true,"href":"https:\/\/www.andreas-edler.de\/blog\/wp-json\/wp\/v2\/tags?post=4740"}],"curies":[{"name":"wp","href":"https:\/\/api.w.org\/{rel}","templated":true}]}}