{"id":4715,"date":"2005-12-24T23:09:00","date_gmt":"2005-12-24T22:09:00","guid":{"rendered":"http:\/\/www.andreas-edler.de\/blog\/2005\/12\/und-fur-papa-hatte-der-weihnachtsmann-auch-noch-was\/"},"modified":"2013-11-01T13:52:55","modified_gmt":"2013-11-01T12:52:55","slug":"und-fr-papa-hatte-der-weihnachtsmann","status":"publish","type":"post","link":"https:\/\/www.andreas-edler.de\/blog\/2005\/12\/und-fr-papa-hatte-der-weihnachtsmann\/","title":{"rendered":"Und f\u00fcr Papa hatte der Weihnachtsmann auch noch was"},"content":{"rendered":"<p>Mu\u00df ich n\u00e4chstes Jahr wieder nicht allein am Computer sitzen. Das Format ist sogar etwas gr\u00f6\u00dfer als der Diesj\u00e4hrige. Die Bilder des neuen Stihl-Kalender habe ich mir aber noch nicht angeguckt ;-) Dann habe ich \u00fcber&#8217;s Jahr noch \u00dcberraschungen &lt;hehe&gt;<\/p>\n<p><img decoding=\"async\" src=\"http:\/\/www.andreas-edler.de\/grafik\/blog\/20051224_stihl.jpg\"><\/p>\n","protected":false},"excerpt":{"rendered":"<p>Mu\u00df ich n\u00e4chstes Jahr wieder nicht allein am Computer sitzen. Das Format ist sogar etwas gr\u00f6\u00dfer als der Diesj\u00e4hrige. Die Bilder des neuen Stihl-Kalender habe ich mir aber noch nicht angeguckt ;-) Dann habe ich \u00fcber&#8217;s Jahr noch \u00dcberraschungen &lt;hehe&gt;<\/p>\n","protected":false},"author":1,"featured_media":0,"comment_status":"open","ping_status":"open","sticky":false,"template":"","format":"standard","meta":{"ngg_post_thumbnail":0,"activitypub_content_warning":"","activitypub_content_visibility":"","activitypub_max_image_attachments":2,"activitypub_interaction_policy_quote":"anyone","activitypub_status":"","footnotes":""},"categories":[1],"tags":[20],"class_list":["post-4715","post","type-post","status-publish","format-standard","hentry","category-allgemein","tag-stihl"],"share_on_mastodon":{"url":"","error":""},"_links":{"self":[{"href":"https:\/\/www.andreas-edler.de\/blog\/wp-json\/wp\/v2\/posts\/4715","targetHints":{"allow":["GET"]}}],"collection":[{"href":"https:\/\/www.andreas-edler.de\/blog\/wp-json\/wp\/v2\/posts"}],"about":[{"href":"https:\/\/www.andreas-edler.de\/blog\/wp-json\/wp\/v2\/types\/post"}],"author":[{"embeddable":true,"href":"https:\/\/www.andreas-edler.de\/blog\/wp-json\/wp\/v2\/users\/1"}],"replies":[{"embeddable":true,"href":"https:\/\/www.andreas-edler.de\/blog\/wp-json\/wp\/v2\/comments?post=4715"}],"version-history":[{"count":0,"href":"https:\/\/www.andreas-edler.de\/blog\/wp-json\/wp\/v2\/posts\/4715\/revisions"}],"wp:attachment":[{"href":"https:\/\/www.andreas-edler.de\/blog\/wp-json\/wp\/v2\/media?parent=4715"}],"wp:term":[{"taxonomy":"category","embeddable":true,"href":"https:\/\/www.andreas-edler.de\/blog\/wp-json\/wp\/v2\/categories?post=4715"},{"taxonomy":"post_tag","embeddable":true,"href":"https:\/\/www.andreas-edler.de\/blog\/wp-json\/wp\/v2\/tags?post=4715"}],"curies":[{"name":"wp","href":"https:\/\/api.w.org\/{rel}","templated":true}]}}