{"id":4651,"date":"2005-11-08T20:17:00","date_gmt":"2005-11-08T19:17:00","guid":{"rendered":"http:\/\/www.andreas-edler.de\/blog\/2005\/11\/ziviler-ungehorsam\/"},"modified":"2005-11-08T20:17:00","modified_gmt":"2005-11-08T19:17:00","slug":"ziviler-ungehorsam","status":"publish","type":"post","link":"https:\/\/www.andreas-edler.de\/blog\/2005\/11\/ziviler-ungehorsam\/","title":{"rendered":"ziviler Ungehorsam"},"content":{"rendered":"<div class=\"bild\"><img decoding=\"async\" src=\"http:\/\/www.andreas-edler.de\/grafik\/blog\/20051108_fahrradverboten.jpg\"><\/div>\n<p>Ob die Obrigkeit in unserem kleinen, beschaulichen St\u00e4dtchen gegen solcherart \u00f6ffentlichem Aufruhr aktiv vorgeht, ist mir nicht bekannt.<\/p>\n<p>Ich fand&#8217;s heute mittag aber gut, dass nicht alle Leute blindlings alles befolgen.<\/p>\n<p>Mit solchen Schildern wird man nat\u00fcrlich nie &#8222;<a href=\"http:\/\/www.fahrradfreundlich.nrw.de\/\">fahrradfreundlich<\/a>&#8220; &#8230; und ehrlich gesagt ist das gut so. B\u00fcnde hat dieses Siegel auch &#8230; und da mu\u00df ich h\u00f6llisch aufpassen, um nicht umgem\u00e4ht zu werden. Anp\u00f6beln ist da noch das geringste \u00dcbel.<\/p>\n<p>&lt;seufz&gt;<\/p>\n","protected":false},"excerpt":{"rendered":"<p>Ob die Obrigkeit in unserem kleinen, beschaulichen St\u00e4dtchen gegen solcherart \u00f6ffentlichem Aufruhr aktiv vorgeht, ist mir nicht bekannt. Ich fand&#8217;s heute mittag aber gut, dass nicht alle Leute blindlings alles befolgen. Mit solchen Schildern wird man nat\u00fcrlich nie &#8222;fahrradfreundlich&#8220; &#8230; &hellip;<\/p>\n<p class=\"read-more\"> <a class=\"more-link\" href=\"https:\/\/www.andreas-edler.de\/blog\/2005\/11\/ziviler-ungehorsam\/\"> <span class=\"screen-reader-text\">ziviler Ungehorsam<\/span> Weiterlesen &raquo;<\/a><\/p>\n","protected":false},"author":1,"featured_media":0,"comment_status":"open","ping_status":"open","sticky":false,"template":"","format":"standard","meta":{"ngg_post_thumbnail":0,"activitypub_content_warning":"","activitypub_content_visibility":"","activitypub_max_image_attachments":2,"activitypub_interaction_policy_quote":"anyone","activitypub_status":"","footnotes":""},"categories":[14],"tags":[],"class_list":["post-4651","post","type-post","status-publish","format-standard","hentry","category-bad-oeynhausen"],"share_on_mastodon":{"url":"","error":""},"_links":{"self":[{"href":"https:\/\/www.andreas-edler.de\/blog\/wp-json\/wp\/v2\/posts\/4651","targetHints":{"allow":["GET"]}}],"collection":[{"href":"https:\/\/www.andreas-edler.de\/blog\/wp-json\/wp\/v2\/posts"}],"about":[{"href":"https:\/\/www.andreas-edler.de\/blog\/wp-json\/wp\/v2\/types\/post"}],"author":[{"embeddable":true,"href":"https:\/\/www.andreas-edler.de\/blog\/wp-json\/wp\/v2\/users\/1"}],"replies":[{"embeddable":true,"href":"https:\/\/www.andreas-edler.de\/blog\/wp-json\/wp\/v2\/comments?post=4651"}],"version-history":[{"count":0,"href":"https:\/\/www.andreas-edler.de\/blog\/wp-json\/wp\/v2\/posts\/4651\/revisions"}],"wp:attachment":[{"href":"https:\/\/www.andreas-edler.de\/blog\/wp-json\/wp\/v2\/media?parent=4651"}],"wp:term":[{"taxonomy":"category","embeddable":true,"href":"https:\/\/www.andreas-edler.de\/blog\/wp-json\/wp\/v2\/categories?post=4651"},{"taxonomy":"post_tag","embeddable":true,"href":"https:\/\/www.andreas-edler.de\/blog\/wp-json\/wp\/v2\/tags?post=4651"}],"curies":[{"name":"wp","href":"https:\/\/api.w.org\/{rel}","templated":true}]}}