{"id":4644,"date":"2005-11-03T19:49:00","date_gmt":"2005-11-03T18:49:00","guid":{"rendered":"http:\/\/www.andreas-edler.de\/blog\/2005\/11\/es-wird-fruh-dunkel\/"},"modified":"2005-11-03T19:49:00","modified_gmt":"2005-11-03T18:49:00","slug":"es-wird-frh-dunkel","status":"publish","type":"post","link":"https:\/\/www.andreas-edler.de\/blog\/2005\/11\/es-wird-frh-dunkel\/","title":{"rendered":"Es wird fr\u00fch dunkel"},"content":{"rendered":"<p>Gestern noch gro\u00df get\u00f6nt, ich w\u00fcrde heute 4 Stunden Schule durchhalten. Nach der Mittagspause war mir klar, dass ich nicht mal eine erleben w\u00fcrde. Viel zu warm und geiles Wetter f\u00fcr den 3. November. Also fix nach Hause, Radklamotten an und zum Wiehengebirge geturnt. Michael hatte auch Lust und darum strampelten wir zu zweit zur &#8222;<a href=\"http:\/\/www.alter-baum.de\/historisch\/KrauseBuche-bad-oeyenhausen.jpg\">Krausen Buche<\/a>&#8220; rauf &#8211; was eigentlich ziemlich bekloppt ist, weil es *verdammt* steil hoch geht. Und lang!<\/p>\n<p>\u00dcberhaupt ist die Strecke zum &#8222;<a href=\"http:\/\/www.portawestfalica.de\/stadt\/tourismus\/kaiser-wilhelm-denkmal.htm\">Kaiser Wilhelm&#8220;<\/a> aus dieser Richtung doof zu fahren. Ich hab&#8217;s lieber einmal steil rauf und dann halbwegs eben. Aus Richtung Lutternsche Egge zum Wilhelm geht&#8217;s aber eigentlich nur bergauf :-( Und au\u00dferdem konnte man schon recht fr\u00fch nix mehr sehen. Bei den Wurzeln auf dem Kamm ganz oben nicht ganz ungef\u00e4hrlich. Noch dazu, wenn&#8217;s schon anf\u00e4ngt glitschig zu werden mit dem ganzen Laub.<\/p>\n<p>Anzumerken ist, dass ich entweder vom Badminton und den vorherigen Touren zu geschafft war, oder Michael langsam verdammt mehr Kondition bekommt. Da mu\u00df ich wohl mal nachlegen &#8230;<\/p>\n<p><img decoding=\"async\" src=\"http:\/\/www.andreas-edler.de\/grafik\/blog\/20051103_wilhelm.jpg\"><\/p>\n","protected":false},"excerpt":{"rendered":"<p>Gestern noch gro\u00df get\u00f6nt, ich w\u00fcrde heute 4 Stunden Schule durchhalten. Nach der Mittagspause war mir klar, dass ich nicht mal eine erleben w\u00fcrde. Viel zu warm und geiles Wetter f\u00fcr den 3. November. Also fix nach Hause, Radklamotten an &hellip;<\/p>\n<p class=\"read-more\"> <a class=\"more-link\" href=\"https:\/\/www.andreas-edler.de\/blog\/2005\/11\/es-wird-frh-dunkel\/\"> <span class=\"screen-reader-text\">Es wird fr\u00fch dunkel<\/span> Weiterlesen &raquo;<\/a><\/p>\n","protected":false},"author":1,"featured_media":0,"comment_status":"open","ping_status":"open","sticky":false,"template":"","format":"standard","meta":{"ngg_post_thumbnail":0,"activitypub_content_warning":"","activitypub_content_visibility":"","activitypub_max_image_attachments":2,"activitypub_interaction_policy_quote":"anyone","activitypub_status":"","footnotes":""},"categories":[1],"tags":[],"class_list":["post-4644","post","type-post","status-publish","format-standard","hentry","category-allgemein"],"share_on_mastodon":{"url":"","error":""},"_links":{"self":[{"href":"https:\/\/www.andreas-edler.de\/blog\/wp-json\/wp\/v2\/posts\/4644","targetHints":{"allow":["GET"]}}],"collection":[{"href":"https:\/\/www.andreas-edler.de\/blog\/wp-json\/wp\/v2\/posts"}],"about":[{"href":"https:\/\/www.andreas-edler.de\/blog\/wp-json\/wp\/v2\/types\/post"}],"author":[{"embeddable":true,"href":"https:\/\/www.andreas-edler.de\/blog\/wp-json\/wp\/v2\/users\/1"}],"replies":[{"embeddable":true,"href":"https:\/\/www.andreas-edler.de\/blog\/wp-json\/wp\/v2\/comments?post=4644"}],"version-history":[{"count":0,"href":"https:\/\/www.andreas-edler.de\/blog\/wp-json\/wp\/v2\/posts\/4644\/revisions"}],"wp:attachment":[{"href":"https:\/\/www.andreas-edler.de\/blog\/wp-json\/wp\/v2\/media?parent=4644"}],"wp:term":[{"taxonomy":"category","embeddable":true,"href":"https:\/\/www.andreas-edler.de\/blog\/wp-json\/wp\/v2\/categories?post=4644"},{"taxonomy":"post_tag","embeddable":true,"href":"https:\/\/www.andreas-edler.de\/blog\/wp-json\/wp\/v2\/tags?post=4644"}],"curies":[{"name":"wp","href":"https:\/\/api.w.org\/{rel}","templated":true}]}}