{"id":4615,"date":"2005-10-08T18:34:00","date_gmt":"2005-10-08T17:34:00","guid":{"rendered":"http:\/\/www.andreas-edler.de\/blog\/2005\/10\/wieder-zwei-wochen-heizen-gesichert\/"},"modified":"2005-10-08T18:34:00","modified_gmt":"2005-10-08T17:34:00","slug":"wieder-zwei-wochen-heizen-gesichert","status":"publish","type":"post","link":"https:\/\/www.andreas-edler.de\/blog\/2005\/10\/wieder-zwei-wochen-heizen-gesichert\/","title":{"rendered":"Wieder zwei Wochen heizen gesichert."},"content":{"rendered":"<p>Heute bei Schwiegereltern gewesen und das Holz, welches dort schon seit Jahren vor sich hin gam&#8230; \u00e4h &#8230; lagerte, abgeholt. Die haben irgendwann mal alle gro\u00dfen Hecken um&#8217;s Haus entsorgt und die dickeren \u00c4ste als Feuerholz liegen lassen. Mu\u00df ich wohl noch einen Tag Urlaub nehmen, um das alles in ein ofenfreundliches Format zu bringen.<\/p>\n<p><img decoding=\"async\" src=\"http:\/\/www.andreas-edler.de\/grafik\/blog\/20051008_hol_geholt.jpg\"><\/p>\n","protected":false},"excerpt":{"rendered":"<p>Heute bei Schwiegereltern gewesen und das Holz, welches dort schon seit Jahren vor sich hin gam&#8230; \u00e4h &#8230; lagerte, abgeholt. Die haben irgendwann mal alle gro\u00dfen Hecken um&#8217;s Haus entsorgt und die dickeren \u00c4ste als Feuerholz liegen lassen. Mu\u00df ich &hellip;<\/p>\n<p class=\"read-more\"> <a class=\"more-link\" href=\"https:\/\/www.andreas-edler.de\/blog\/2005\/10\/wieder-zwei-wochen-heizen-gesichert\/\"> <span class=\"screen-reader-text\">Wieder zwei Wochen heizen gesichert.<\/span> Weiterlesen &raquo;<\/a><\/p>\n","protected":false},"author":1,"featured_media":0,"comment_status":"open","ping_status":"open","sticky":false,"template":"","format":"standard","meta":{"ngg_post_thumbnail":0,"activitypub_content_warning":"","activitypub_content_visibility":"","activitypub_max_image_attachments":2,"activitypub_interaction_policy_quote":"anyone","activitypub_status":"","footnotes":""},"categories":[1],"tags":[],"class_list":["post-4615","post","type-post","status-publish","format-standard","hentry","category-allgemein"],"share_on_mastodon":{"url":"","error":""},"_links":{"self":[{"href":"https:\/\/www.andreas-edler.de\/blog\/wp-json\/wp\/v2\/posts\/4615","targetHints":{"allow":["GET"]}}],"collection":[{"href":"https:\/\/www.andreas-edler.de\/blog\/wp-json\/wp\/v2\/posts"}],"about":[{"href":"https:\/\/www.andreas-edler.de\/blog\/wp-json\/wp\/v2\/types\/post"}],"author":[{"embeddable":true,"href":"https:\/\/www.andreas-edler.de\/blog\/wp-json\/wp\/v2\/users\/1"}],"replies":[{"embeddable":true,"href":"https:\/\/www.andreas-edler.de\/blog\/wp-json\/wp\/v2\/comments?post=4615"}],"version-history":[{"count":0,"href":"https:\/\/www.andreas-edler.de\/blog\/wp-json\/wp\/v2\/posts\/4615\/revisions"}],"wp:attachment":[{"href":"https:\/\/www.andreas-edler.de\/blog\/wp-json\/wp\/v2\/media?parent=4615"}],"wp:term":[{"taxonomy":"category","embeddable":true,"href":"https:\/\/www.andreas-edler.de\/blog\/wp-json\/wp\/v2\/categories?post=4615"},{"taxonomy":"post_tag","embeddable":true,"href":"https:\/\/www.andreas-edler.de\/blog\/wp-json\/wp\/v2\/tags?post=4615"}],"curies":[{"name":"wp","href":"https:\/\/api.w.org\/{rel}","templated":true}]}}