{"id":4607,"date":"2005-10-01T15:07:00","date_gmt":"2005-10-01T14:07:00","guid":{"rendered":"http:\/\/www.andreas-edler.de\/blog\/2005\/10\/goldener-oktober\/"},"modified":"2005-10-01T15:07:00","modified_gmt":"2005-10-01T14:07:00","slug":"goldener-oktober","status":"publish","type":"post","link":"https:\/\/www.andreas-edler.de\/blog\/2005\/10\/goldener-oktober\/","title":{"rendered":"Goldener Oktober"},"content":{"rendered":"<p>Von wegen! Der Monat f\u00e4ngt beschissen an, schlimmer geht&#8217;s gar nicht. Mir platzt fast der Kopf vor Migr\u00e4ne, drau\u00dfen regnet es seit heute Nacht in Str\u00f6men und ohne Pause und der PC von &#8217;nem Freund l\u00e4uft um&#8217;s Verrecken nicht. Da wirklich deprimierende an den Tatsachen ist, dass ich nichts davon \u00e4ndern kann. Am Wetter nicht, die Kopfschmerzen sind nicht mehr in den Griff zu kriegen und ich wei\u00df mir absolut keinen Rat bei diesem DELL PC &#8230; Schei\u00dfe!<\/p>\n<p>Heute abend feuern wir den Kamin an! Wenigstens was &#8230;<\/p>\n","protected":false},"excerpt":{"rendered":"<p>Von wegen! Der Monat f\u00e4ngt beschissen an, schlimmer geht&#8217;s gar nicht. Mir platzt fast der Kopf vor Migr\u00e4ne, drau\u00dfen regnet es seit heute Nacht in Str\u00f6men und ohne Pause und der PC von &#8217;nem Freund l\u00e4uft um&#8217;s Verrecken nicht. Da &hellip;<\/p>\n<p class=\"read-more\"> <a class=\"more-link\" href=\"https:\/\/www.andreas-edler.de\/blog\/2005\/10\/goldener-oktober\/\"> <span class=\"screen-reader-text\">Goldener Oktober<\/span> Weiterlesen &raquo;<\/a><\/p>\n","protected":false},"author":1,"featured_media":0,"comment_status":"open","ping_status":"open","sticky":false,"template":"","format":"standard","meta":{"ngg_post_thumbnail":0,"activitypub_content_warning":"","activitypub_content_visibility":"","activitypub_max_image_attachments":2,"activitypub_interaction_policy_quote":"anyone","activitypub_status":"","footnotes":""},"categories":[1],"tags":[],"class_list":["post-4607","post","type-post","status-publish","format-standard","hentry","category-allgemein"],"share_on_mastodon":{"url":"","error":""},"_links":{"self":[{"href":"https:\/\/www.andreas-edler.de\/blog\/wp-json\/wp\/v2\/posts\/4607","targetHints":{"allow":["GET"]}}],"collection":[{"href":"https:\/\/www.andreas-edler.de\/blog\/wp-json\/wp\/v2\/posts"}],"about":[{"href":"https:\/\/www.andreas-edler.de\/blog\/wp-json\/wp\/v2\/types\/post"}],"author":[{"embeddable":true,"href":"https:\/\/www.andreas-edler.de\/blog\/wp-json\/wp\/v2\/users\/1"}],"replies":[{"embeddable":true,"href":"https:\/\/www.andreas-edler.de\/blog\/wp-json\/wp\/v2\/comments?post=4607"}],"version-history":[{"count":0,"href":"https:\/\/www.andreas-edler.de\/blog\/wp-json\/wp\/v2\/posts\/4607\/revisions"}],"wp:attachment":[{"href":"https:\/\/www.andreas-edler.de\/blog\/wp-json\/wp\/v2\/media?parent=4607"}],"wp:term":[{"taxonomy":"category","embeddable":true,"href":"https:\/\/www.andreas-edler.de\/blog\/wp-json\/wp\/v2\/categories?post=4607"},{"taxonomy":"post_tag","embeddable":true,"href":"https:\/\/www.andreas-edler.de\/blog\/wp-json\/wp\/v2\/tags?post=4607"}],"curies":[{"name":"wp","href":"https:\/\/api.w.org\/{rel}","templated":true}]}}