{"id":4595,"date":"2005-09-22T19:29:00","date_gmt":"2005-09-22T18:29:00","guid":{"rendered":"http:\/\/www.andreas-edler.de\/blog\/2005\/09\/was-mache-ich-da-eigentlich\/"},"modified":"2005-09-22T19:29:00","modified_gmt":"2005-09-22T18:29:00","slug":"was-mache-ich-da-eigentlich","status":"publish","type":"post","link":"https:\/\/www.andreas-edler.de\/blog\/2005\/09\/was-mache-ich-da-eigentlich\/","title":{"rendered":"Was mache ich da eigentlich?"},"content":{"rendered":"<p>Die letzten 5 Jahre kaspere ich nun schon zum Friedrich-List-Berufskolleg in Herford. Von 2000 bis 2004 war es das ganz normale &#8222;Studium&#8220; zum staatl. gepr. Betriebswirt. Das ich dabei eine Ehrenrunde \u00fcber 2 Semester drehen musste lag weniger an meiner Bl\u00f6dheit, sondern an der Tatsache, dass ich mit 16 bereits eine Ausbildung begonnen und somit kein Abitur hatte. Geschenkt, das eine Jahr war quasi der &#8222;Ersatz&#8220; f\u00fcr&#8217;s Fachabi.<\/p>\n<p>Wie dem auch sei, die eigentlichen 6 Semester waren teilweise schon arg nervig &#8211; weil anspruchslos (mein Pech, dass ich in dem Bereich arbeite). Aber nun habe ich meinen Schein in der Tasche und bin zufrieden. Ja, nat\u00fcrlich musste ich f\u00fcr andere F\u00e4cher auch ganz sch\u00f6n pauken ;-)<\/p>\n<p>Aber warum gehe ich denn immer noch weiter hin und mache Englisch weiter? Das Niveau ist nicht besonders prickelnd, der Unterricht eher lang- und weilig statt abwechslungsreich. Und das Wetter super! Heute auf dem Weg zur Schule, als mir die Sonne durch die ge\u00f6ffneten Seitenscheiben ins Gesicht schien, waren die Zweifel noch st\u00e4rker als in den Wochen zuvor. Nach 2 Stunden bin ich auch abgehauen, weil es mich einfach nur noch angekotzt hat.<\/p>\n<p>Was habe ich davon? Nur einen Zettel auf dem &#8222;gut&#8220; steht. Keinen neuen Abschlu\u00df und wohl auch keine neuen F\u00e4higkeiten, denn wirklich was lernen tue ich irgendwie nicht. Da w\u00e4re spielen mit Tim sicher deutlich sinnvoller! Ich warte die n\u00e4chste Klausur ab, f\u00fcr die nicht zu lernen ich mir fest vorgenommen habe. Wenn ich ob der Note nicht ganz n\u00f6selig bin, erw\u00e4ge ich, weiter zu machen. Mal sehen.<\/p>\n<p>Im Moment bin ich sowas von unlustig, was das angeht &#8230;<\/p>\n","protected":false},"excerpt":{"rendered":"<p>Die letzten 5 Jahre kaspere ich nun schon zum Friedrich-List-Berufskolleg in Herford. Von 2000 bis 2004 war es das ganz normale &#8222;Studium&#8220; zum staatl. gepr. Betriebswirt. Das ich dabei eine Ehrenrunde \u00fcber 2 Semester drehen musste lag weniger an meiner &hellip;<\/p>\n<p class=\"read-more\"> <a class=\"more-link\" href=\"https:\/\/www.andreas-edler.de\/blog\/2005\/09\/was-mache-ich-da-eigentlich\/\"> <span class=\"screen-reader-text\">Was mache ich da eigentlich?<\/span> Weiterlesen &raquo;<\/a><\/p>\n","protected":false},"author":1,"featured_media":0,"comment_status":"open","ping_status":"open","sticky":false,"template":"","format":"standard","meta":{"ngg_post_thumbnail":0,"activitypub_content_warning":"","activitypub_content_visibility":"","activitypub_max_image_attachments":2,"activitypub_interaction_policy_quote":"anyone","activitypub_status":"","footnotes":""},"categories":[1],"tags":[],"class_list":["post-4595","post","type-post","status-publish","format-standard","hentry","category-allgemein"],"share_on_mastodon":{"url":"","error":""},"_links":{"self":[{"href":"https:\/\/www.andreas-edler.de\/blog\/wp-json\/wp\/v2\/posts\/4595","targetHints":{"allow":["GET"]}}],"collection":[{"href":"https:\/\/www.andreas-edler.de\/blog\/wp-json\/wp\/v2\/posts"}],"about":[{"href":"https:\/\/www.andreas-edler.de\/blog\/wp-json\/wp\/v2\/types\/post"}],"author":[{"embeddable":true,"href":"https:\/\/www.andreas-edler.de\/blog\/wp-json\/wp\/v2\/users\/1"}],"replies":[{"embeddable":true,"href":"https:\/\/www.andreas-edler.de\/blog\/wp-json\/wp\/v2\/comments?post=4595"}],"version-history":[{"count":0,"href":"https:\/\/www.andreas-edler.de\/blog\/wp-json\/wp\/v2\/posts\/4595\/revisions"}],"wp:attachment":[{"href":"https:\/\/www.andreas-edler.de\/blog\/wp-json\/wp\/v2\/media?parent=4595"}],"wp:term":[{"taxonomy":"category","embeddable":true,"href":"https:\/\/www.andreas-edler.de\/blog\/wp-json\/wp\/v2\/categories?post=4595"},{"taxonomy":"post_tag","embeddable":true,"href":"https:\/\/www.andreas-edler.de\/blog\/wp-json\/wp\/v2\/tags?post=4595"}],"curies":[{"name":"wp","href":"https:\/\/api.w.org\/{rel}","templated":true}]}}