{"id":4527,"date":"2005-07-02T00:00:00","date_gmt":"2005-07-01T23:00:00","guid":{"rendered":"http:\/\/www.andreas-edler.de\/blog\/2005\/07\/innenstadtfete-2005\/"},"modified":"2005-07-02T00:00:00","modified_gmt":"2005-07-01T23:00:00","slug":"innenstadtfete-2005","status":"publish","type":"post","link":"https:\/\/www.andreas-edler.de\/blog\/2005\/07\/innenstadtfete-2005\/","title":{"rendered":"Innenstadtfete 2005"},"content":{"rendered":"<p><img decoding=\"async\" src=\"http:\/\/www.andreas-edler.de\/grafik\/blog\/20050701_innenstadtfete.jpg\"><\/p>\n<p><img decoding=\"async\" src=\"http:\/\/www.andreas-edler.de\/grafik\/blog\/20050701_innenstadtfete_1.jpg\" align=\"right\">Typisch &#8211; Regen wenn die Innenstadtfete ist. Lars wollte sich schon ganz p\u00fcnktlich um 18 Uhr am Schweinebrunnen treffen, aber das habe ich gleich als nicht realisierbar erkannt. Alex und ich kamen so gegen viertel nach Acht in der Stadt an und fanden die andere Bande unter &#8217;nem Vordach, obwohl der Regen aufgeh\u00f6rt hatte. Und es hatte *richtig* gesch\u00fcttet.<\/p>\n<p>Gut, dass wir nicht so fr\u00fch da waren. War ganz lustig, die Leute alle auf einen Haufen zu sehen. Die Rucks\u00e4cke waren gut gef\u00fcllt (mal ehrlich, bei den Preisen bin ich doch lieber Selbstversorger) und wir sp\u00e4ter auch *g*<\/p>\n<p><img decoding=\"async\" src=\"http:\/\/www.andreas-edler.de\/grafik\/blog\/20050701_innenstadtfete_7.jpg\" align=\"right\">Kurz vor 12 schlenderten Alex, Michi und ich die Klosterstra\u00dfe rauf, als uns der Champignon und Blumenkohlmann ran winkte. Eigentlich stehe ich auf dieses Marktgeschreie nicht, aber ich war schon ganz gut gelaunt und fragte, was er wollte?!<\/p>\n<p>Na, &#8217;ne Schale \u00fcberbackenen Blumenkohl verkaufen. Mag ich ja gerne und der Mensch war entweder gefrustet &#8211; weil die Innenstadtfete sehr schlecht besucht war &#8211; oder hatte sehr gute Laune. Jedenfalls habe ich f\u00fcr 2 Euro eine RIESENPORTION Champignons mit Ziebeln, Knoblauch und \u00fcberbackenem Blumenkohl bekommen. War &#8217;ne Portion f\u00fcr uns zwei! Und als die fast alle war, hat er nochmal nachgef\u00fcllt!<\/p>\n<p>*So* macht man Gesch\u00e4ft, da gehe ich doch gerne nochmal hin!<\/p>\n","protected":false},"excerpt":{"rendered":"<p>Typisch &#8211; Regen wenn die Innenstadtfete ist. Lars wollte sich schon ganz p\u00fcnktlich um 18 Uhr am Schweinebrunnen treffen, aber das habe ich gleich als nicht realisierbar erkannt. Alex und ich kamen so gegen viertel nach Acht in der Stadt &hellip;<\/p>\n<p class=\"read-more\"> <a class=\"more-link\" href=\"https:\/\/www.andreas-edler.de\/blog\/2005\/07\/innenstadtfete-2005\/\"> <span class=\"screen-reader-text\">Innenstadtfete 2005<\/span> Weiterlesen &raquo;<\/a><\/p>\n","protected":false},"author":1,"featured_media":0,"comment_status":"open","ping_status":"open","sticky":false,"template":"","format":"standard","meta":{"ngg_post_thumbnail":0,"activitypub_content_warning":"","activitypub_content_visibility":"","activitypub_max_image_attachments":2,"activitypub_interaction_policy_quote":"anyone","activitypub_status":"","footnotes":""},"categories":[14],"tags":[],"class_list":["post-4527","post","type-post","status-publish","format-standard","hentry","category-bad-oeynhausen"],"share_on_mastodon":{"url":"","error":""},"_links":{"self":[{"href":"https:\/\/www.andreas-edler.de\/blog\/wp-json\/wp\/v2\/posts\/4527","targetHints":{"allow":["GET"]}}],"collection":[{"href":"https:\/\/www.andreas-edler.de\/blog\/wp-json\/wp\/v2\/posts"}],"about":[{"href":"https:\/\/www.andreas-edler.de\/blog\/wp-json\/wp\/v2\/types\/post"}],"author":[{"embeddable":true,"href":"https:\/\/www.andreas-edler.de\/blog\/wp-json\/wp\/v2\/users\/1"}],"replies":[{"embeddable":true,"href":"https:\/\/www.andreas-edler.de\/blog\/wp-json\/wp\/v2\/comments?post=4527"}],"version-history":[{"count":0,"href":"https:\/\/www.andreas-edler.de\/blog\/wp-json\/wp\/v2\/posts\/4527\/revisions"}],"wp:attachment":[{"href":"https:\/\/www.andreas-edler.de\/blog\/wp-json\/wp\/v2\/media?parent=4527"}],"wp:term":[{"taxonomy":"category","embeddable":true,"href":"https:\/\/www.andreas-edler.de\/blog\/wp-json\/wp\/v2\/categories?post=4527"},{"taxonomy":"post_tag","embeddable":true,"href":"https:\/\/www.andreas-edler.de\/blog\/wp-json\/wp\/v2\/tags?post=4527"}],"curies":[{"name":"wp","href":"https:\/\/api.w.org\/{rel}","templated":true}]}}