{"id":4508,"date":"2005-06-06T21:45:00","date_gmt":"2005-06-06T20:45:00","guid":{"rendered":"http:\/\/www.andreas-edler.de\/blog\/2005\/06\/meckern-hilft-manchmal-doch\/"},"modified":"2005-06-06T21:45:00","modified_gmt":"2005-06-06T20:45:00","slug":"meckern-hilft-manchmal-doch","status":"publish","type":"post","link":"https:\/\/www.andreas-edler.de\/blog\/2005\/06\/meckern-hilft-manchmal-doch\/","title":{"rendered":"Meckern hilft manchmal doch &#8230;"},"content":{"rendered":"<p>&#8230; scheint mir. Nunja, so wichtig nehme ich mich nicht, aber es ist schon putzig. Da beschwerte ich mich vor einigen Wochen bei der Stadt Bad Oeynhausen \u00fcber den desolaten Zustand des Radweges an der Eidinghausener Stra\u00dfe &#8211; und bekam daraufhin vom Ordnungsamt nur ein paar &#8230; ich nenne es mal &#8230; &#8222;unbefriedigende&#8220; Antworten. Und nun sehe ich, das bei just diesem Radweg die seit Jahren von Wurzeln der dort wachsenden B\u00e4ume wellig gewordene Teerdecke erneuert wird. Nur partiell, aber immerhin.<\/p>\n<p>H\u00e4tte da der Mensch vom Ordnungsamt nicht sagen k\u00f6nnen, dass da was geplant ist? Und wenn nichts geplant gewesen ist, h\u00e4tte man nicht sagen k\u00f6nnen: &#8222;Oh, danke f\u00fcr den Hinweis, gucken wir uns mal an!&#8220;? Wie dem auch sei, es wird nachgebessert und das ist doch schon mal sch\u00f6n. Als n\u00e4chstes mu\u00df nur die \u00fcberfl\u00fcssige Benutzungspflicht noch weg.<\/p>\n<p>Und dann heute mittag gleich das 2. Wunder: da sehe ich doch zum aller-allerersten Mal, wie in der Fu\u00dfg\u00e4ngerzone mal keine Kinder vom Rad geholt werden, sonder die Polizei Autofahrer darauf hinweist, dass in der Fu\u00dfg\u00e4ngerzone nicht gefahren werden darf! Na bitte!<\/p>\n<p>Liest hier doch jemand mit, oder ist das Zufall?! *g*<\/p>\n","protected":false},"excerpt":{"rendered":"<p>&#8230; scheint mir. Nunja, so wichtig nehme ich mich nicht, aber es ist schon putzig. Da beschwerte ich mich vor einigen Wochen bei der Stadt Bad Oeynhausen \u00fcber den desolaten Zustand des Radweges an der Eidinghausener Stra\u00dfe &#8211; und bekam &hellip;<\/p>\n<p class=\"read-more\"> <a class=\"more-link\" href=\"https:\/\/www.andreas-edler.de\/blog\/2005\/06\/meckern-hilft-manchmal-doch\/\"> <span class=\"screen-reader-text\">Meckern hilft manchmal doch &#8230;<\/span> Weiterlesen &raquo;<\/a><\/p>\n","protected":false},"author":1,"featured_media":0,"comment_status":"open","ping_status":"open","sticky":false,"template":"","format":"standard","meta":{"ngg_post_thumbnail":0,"activitypub_content_warning":"","activitypub_content_visibility":"","activitypub_max_image_attachments":2,"activitypub_interaction_policy_quote":"anyone","activitypub_status":"","footnotes":""},"categories":[1],"tags":[],"class_list":["post-4508","post","type-post","status-publish","format-standard","hentry","category-allgemein"],"share_on_mastodon":{"url":"","error":""},"_links":{"self":[{"href":"https:\/\/www.andreas-edler.de\/blog\/wp-json\/wp\/v2\/posts\/4508","targetHints":{"allow":["GET"]}}],"collection":[{"href":"https:\/\/www.andreas-edler.de\/blog\/wp-json\/wp\/v2\/posts"}],"about":[{"href":"https:\/\/www.andreas-edler.de\/blog\/wp-json\/wp\/v2\/types\/post"}],"author":[{"embeddable":true,"href":"https:\/\/www.andreas-edler.de\/blog\/wp-json\/wp\/v2\/users\/1"}],"replies":[{"embeddable":true,"href":"https:\/\/www.andreas-edler.de\/blog\/wp-json\/wp\/v2\/comments?post=4508"}],"version-history":[{"count":0,"href":"https:\/\/www.andreas-edler.de\/blog\/wp-json\/wp\/v2\/posts\/4508\/revisions"}],"wp:attachment":[{"href":"https:\/\/www.andreas-edler.de\/blog\/wp-json\/wp\/v2\/media?parent=4508"}],"wp:term":[{"taxonomy":"category","embeddable":true,"href":"https:\/\/www.andreas-edler.de\/blog\/wp-json\/wp\/v2\/categories?post=4508"},{"taxonomy":"post_tag","embeddable":true,"href":"https:\/\/www.andreas-edler.de\/blog\/wp-json\/wp\/v2\/tags?post=4508"}],"curies":[{"name":"wp","href":"https:\/\/api.w.org\/{rel}","templated":true}]}}