{"id":4493,"date":"2005-05-14T17:52:00","date_gmt":"2005-05-14T16:52:00","guid":{"rendered":"http:\/\/www.andreas-edler.de\/blog\/2005\/05\/terrasse-8-kostlichkeiten\/"},"modified":"2017-03-29T08:01:26","modified_gmt":"2017-03-29T06:01:26","slug":"terrasse-tragekonstruktion-verschrauben","status":"publish","type":"post","link":"https:\/\/www.andreas-edler.de\/blog\/2005\/05\/terrasse-tragekonstruktion-verschrauben\/","title":{"rendered":"Terrasse &#8211; Tragekonstruktion verschrauben"},"content":{"rendered":"<p>Heute ging&#8217;s an die achte Etappe. Die letzten Tage hat die Baustelle geruht, schlechtes Wetter, lange im B\u00fcro und davor die Radtour mit Lars. Aber daf\u00fcr heute. Das Holz liegt schon ein paar Tage im Carport und so konnte ich ein bi\u00dfchen mit s\u00e4gen anfangen.<\/p>\n<p>Zuerst noch Kleinigkeiten im Praktiker besorgen &#8230; Edelstahlunterlagscheiben, Schl\u00fcsselschrauben und so&#8217;n Zeug. Danach habe ich an die Pfostenhalter kleine Kunststoffkl\u00f6tze als Abstandhalter geschraubt. Das Bangkirai ist nur 70mm hoch, die Schenkel der Pfostentr\u00e4ger allerdings 100mm &#8230;<\/p>\n<p>Danach alles mit dem Holz verschraubt und auf die richtige L\u00e4nge gebracht. Da ich noch keine Kreiss\u00e4ge hatte, habe ich kurzerhand eine gekauft. Mit 46mm Schnitttiefe, damit ich auch durch die Bohlen durch komme :-)<\/p>\n<p>Und so sieht&#8217;s heute abend aus:<\/p>\n<p><img decoding=\"async\" src=\"http:\/\/www.andreas-edler.de\/grafik\/blog\/20050514_geruest.jpg\"><\/p>\n<p>Ne, ist noch nicht fest. Ich habe die Pfostentr\u00e4ger noch nicht einbetoniert (auch wenn der Beton schon im Ger\u00e4teschuppen liegt). Erst wollte ich das ganze ausrichten und dann komplett festmachen. Ob das klug ist oder nicht, wird sich zeigen &#8230;<\/p>\n","protected":false},"excerpt":{"rendered":"<p>Heute ging&#8217;s an die achte Etappe. Die letzten Tage hat die Baustelle geruht, schlechtes Wetter, lange im B\u00fcro und davor die Radtour mit Lars. Aber daf\u00fcr heute. Das Holz liegt schon ein paar Tage im Carport und so konnte ich &hellip;<\/p>\n<p class=\"read-more\"> <a class=\"more-link\" href=\"https:\/\/www.andreas-edler.de\/blog\/2005\/05\/terrasse-tragekonstruktion-verschrauben\/\"> <span class=\"screen-reader-text\">Terrasse &#8211; Tragekonstruktion verschrauben<\/span> Weiterlesen &raquo;<\/a><\/p>\n","protected":false},"author":1,"featured_media":0,"comment_status":"open","ping_status":"open","sticky":false,"template":"","format":"standard","meta":{"ngg_post_thumbnail":0,"activitypub_content_warning":"","activitypub_content_visibility":"","activitypub_max_image_attachments":2,"activitypub_interaction_policy_quote":"anyone","activitypub_status":"","footnotes":""},"categories":[22],"tags":[31,38,26],"class_list":["post-4493","post","type-post","status-publish","format-standard","hentry","category-basteln","tag-garten","tag-haus","tag-holzterrasse"],"share_on_mastodon":{"url":"","error":""},"_links":{"self":[{"href":"https:\/\/www.andreas-edler.de\/blog\/wp-json\/wp\/v2\/posts\/4493","targetHints":{"allow":["GET"]}}],"collection":[{"href":"https:\/\/www.andreas-edler.de\/blog\/wp-json\/wp\/v2\/posts"}],"about":[{"href":"https:\/\/www.andreas-edler.de\/blog\/wp-json\/wp\/v2\/types\/post"}],"author":[{"embeddable":true,"href":"https:\/\/www.andreas-edler.de\/blog\/wp-json\/wp\/v2\/users\/1"}],"replies":[{"embeddable":true,"href":"https:\/\/www.andreas-edler.de\/blog\/wp-json\/wp\/v2\/comments?post=4493"}],"version-history":[{"count":0,"href":"https:\/\/www.andreas-edler.de\/blog\/wp-json\/wp\/v2\/posts\/4493\/revisions"}],"wp:attachment":[{"href":"https:\/\/www.andreas-edler.de\/blog\/wp-json\/wp\/v2\/media?parent=4493"}],"wp:term":[{"taxonomy":"category","embeddable":true,"href":"https:\/\/www.andreas-edler.de\/blog\/wp-json\/wp\/v2\/categories?post=4493"},{"taxonomy":"post_tag","embeddable":true,"href":"https:\/\/www.andreas-edler.de\/blog\/wp-json\/wp\/v2\/tags?post=4493"}],"curies":[{"name":"wp","href":"https:\/\/api.w.org\/{rel}","templated":true}]}}