{"id":4492,"date":"2005-05-09T21:45:00","date_gmt":"2005-05-09T20:45:00","guid":{"rendered":"http:\/\/www.andreas-edler.de\/blog\/2005\/05\/alles-was-recht-ist\/"},"modified":"2005-05-09T21:45:00","modified_gmt":"2005-05-09T20:45:00","slug":"alles-was-recht-ist","status":"publish","type":"post","link":"https:\/\/www.andreas-edler.de\/blog\/2005\/05\/alles-was-recht-ist\/","title":{"rendered":"Alles was Recht ist &#8230;"},"content":{"rendered":"<p>Heute war ich in M\u00fcnster auf &#8217;nem Seminar zum Thema &#8222;Internetrecht&#8220;. Der Dozent Prof. Dr. Thomas Hoeren (<a href=\"http:\/\/www.uni-muenster.de\/Jura.itm\/hoeren\/\" target=\"_new\">Website<\/a>) sprach sehr anschaulich und vor allen Dingen interessant. Ich hab&#8216; auf jeden Fall ein paar Sache mitgenommen. Nicht nur f\u00fcr&#8217;s B\u00fcro &#8211; auch privat.<\/p>\n<p>\u00c4chz, was man da alles beachten mu\u00df &#8211; und selbst wenn man alles beachtet, kann man sich nicht sicher sein, dass es nicht doch &#8222;in die Hose geht&#8220;.<\/p>\n<p>Den ganzen Tag war das Wetter drau\u00dfen trocken mit angenehmer Luft. Aber als ich nach Hause fuhr, musste es nat\u00fcrlich so losgehen:<\/p>\n<p><img decoding=\"async\" src=\"http:\/\/www.andreas-edler.de\/grafik\/blog\/20050509_muenster.jpg\"><\/p>\n<p>Und dann auch noch &#8217;ne Stunde Stau bei Osnabr\u00fcck, weil zwei Vollnasen im Baustellenbereich aufeinander gefahren sind. Nat\u00fcrlich mussten die wegen &#8217;nem gesplitterten R\u00fccklichtglas an Ort und Stelle stehen bleiben und die Polizei rufen. Volltrottel!<\/p>\n","protected":false},"excerpt":{"rendered":"<p>Heute war ich in M\u00fcnster auf &#8217;nem Seminar zum Thema &#8222;Internetrecht&#8220;. Der Dozent Prof. Dr. Thomas Hoeren (Website) sprach sehr anschaulich und vor allen Dingen interessant. Ich hab&#8216; auf jeden Fall ein paar Sache mitgenommen. Nicht nur f\u00fcr&#8217;s B\u00fcro &#8211; &hellip;<\/p>\n<p class=\"read-more\"> <a class=\"more-link\" href=\"https:\/\/www.andreas-edler.de\/blog\/2005\/05\/alles-was-recht-ist\/\"> <span class=\"screen-reader-text\">Alles was Recht ist &#8230;<\/span> Weiterlesen &raquo;<\/a><\/p>\n","protected":false},"author":1,"featured_media":0,"comment_status":"open","ping_status":"open","sticky":false,"template":"","format":"standard","meta":{"ngg_post_thumbnail":0,"activitypub_content_warning":"","activitypub_content_visibility":"","activitypub_max_image_attachments":2,"activitypub_interaction_policy_quote":"anyone","activitypub_status":"","footnotes":""},"categories":[1],"tags":[],"class_list":["post-4492","post","type-post","status-publish","format-standard","hentry","category-allgemein"],"share_on_mastodon":{"url":"","error":""},"_links":{"self":[{"href":"https:\/\/www.andreas-edler.de\/blog\/wp-json\/wp\/v2\/posts\/4492","targetHints":{"allow":["GET"]}}],"collection":[{"href":"https:\/\/www.andreas-edler.de\/blog\/wp-json\/wp\/v2\/posts"}],"about":[{"href":"https:\/\/www.andreas-edler.de\/blog\/wp-json\/wp\/v2\/types\/post"}],"author":[{"embeddable":true,"href":"https:\/\/www.andreas-edler.de\/blog\/wp-json\/wp\/v2\/users\/1"}],"replies":[{"embeddable":true,"href":"https:\/\/www.andreas-edler.de\/blog\/wp-json\/wp\/v2\/comments?post=4492"}],"version-history":[{"count":0,"href":"https:\/\/www.andreas-edler.de\/blog\/wp-json\/wp\/v2\/posts\/4492\/revisions"}],"wp:attachment":[{"href":"https:\/\/www.andreas-edler.de\/blog\/wp-json\/wp\/v2\/media?parent=4492"}],"wp:term":[{"taxonomy":"category","embeddable":true,"href":"https:\/\/www.andreas-edler.de\/blog\/wp-json\/wp\/v2\/categories?post=4492"},{"taxonomy":"post_tag","embeddable":true,"href":"https:\/\/www.andreas-edler.de\/blog\/wp-json\/wp\/v2\/tags?post=4492"}],"curies":[{"name":"wp","href":"https:\/\/api.w.org\/{rel}","templated":true}]}}