{"id":4487,"date":"2005-04-28T19:38:00","date_gmt":"2005-04-28T18:38:00","guid":{"rendered":"http:\/\/www.andreas-edler.de\/blog\/2005\/04\/heimstatte-der-kranken-und-alten\/"},"modified":"2019-03-21T21:07:09","modified_gmt":"2019-03-21T20:07:09","slug":"heimstaette-der-kranken-und-alten","status":"publish","type":"post","link":"https:\/\/www.andreas-edler.de\/blog\/2005\/04\/heimstaette-der-kranken-und-alten\/","title":{"rendered":"Heimst\u00e4tte der Kranken und Alten"},"content":{"rendered":"<p>Jedenfalls wurde mir das vom Ordnungsamt als Grund genannt, warum die Bad Oeynhausener Innenstadt nicht f\u00fcr Fahrr\u00e4der freigegeben ist. Da wei\u00df ich ja, woran ich bin hier &quot;zu Hause&quot;. Man wird nur hofiert, wenn man mindestens 70 ist und\/oder einen Rollstuhl f\u00e4hrt.<\/p>\n<p>In dem Zusammenhang interessant, dass sich Oeynhausen als fahrradfreundlich pr\u00e4sentiert und gleichzeitig zwei sehenswerte Radwege durch die gesperrte Innenstadt ausgeschildert werden. Das macht Sinn!<\/p>\n<p style=\"text-align:center;font-size: smaller;\"><img decoding=\"async\" src=\"http:\/\/www.andreas-edler.de\/grafik\/blog\/20050428_schilda_bo.jpg\"><\/p>\n","protected":false},"excerpt":{"rendered":"<p>Jedenfalls wurde mir das vom Ordnungsamt als Grund genannt, warum die Bad Oeynhausener Innenstadt nicht f\u00fcr Fahrr\u00e4der freigegeben ist. Da wei\u00df ich ja, woran ich bin hier &quot;zu Hause&quot;. Man wird nur hofiert, wenn man mindestens 70 ist und\/oder einen &hellip;<\/p>\n<p class=\"read-more\"> <a class=\"more-link\" href=\"https:\/\/www.andreas-edler.de\/blog\/2005\/04\/heimstaette-der-kranken-und-alten\/\"> <span class=\"screen-reader-text\">Heimst\u00e4tte der Kranken und Alten<\/span> Weiterlesen &raquo;<\/a><\/p>\n","protected":false},"author":1,"featured_media":0,"comment_status":"open","ping_status":"open","sticky":false,"template":"","format":"standard","meta":{"ngg_post_thumbnail":0,"activitypub_content_warning":"","activitypub_content_visibility":"","activitypub_max_image_attachments":2,"activitypub_interaction_policy_quote":"anyone","activitypub_status":"","footnotes":""},"categories":[14,15],"tags":[110,251,205,384],"class_list":["post-4487","post","type-post","status-publish","format-standard","hentry","category-bad-oeynhausen","category-fahrrad","tag-fahrradfreundliche-stadt","tag-infrastruktur","tag-innenstadt","tag-klosterstrasse"],"share_on_mastodon":{"url":"","error":""},"_links":{"self":[{"href":"https:\/\/www.andreas-edler.de\/blog\/wp-json\/wp\/v2\/posts\/4487","targetHints":{"allow":["GET"]}}],"collection":[{"href":"https:\/\/www.andreas-edler.de\/blog\/wp-json\/wp\/v2\/posts"}],"about":[{"href":"https:\/\/www.andreas-edler.de\/blog\/wp-json\/wp\/v2\/types\/post"}],"author":[{"embeddable":true,"href":"https:\/\/www.andreas-edler.de\/blog\/wp-json\/wp\/v2\/users\/1"}],"replies":[{"embeddable":true,"href":"https:\/\/www.andreas-edler.de\/blog\/wp-json\/wp\/v2\/comments?post=4487"}],"version-history":[{"count":0,"href":"https:\/\/www.andreas-edler.de\/blog\/wp-json\/wp\/v2\/posts\/4487\/revisions"}],"wp:attachment":[{"href":"https:\/\/www.andreas-edler.de\/blog\/wp-json\/wp\/v2\/media?parent=4487"}],"wp:term":[{"taxonomy":"category","embeddable":true,"href":"https:\/\/www.andreas-edler.de\/blog\/wp-json\/wp\/v2\/categories?post=4487"},{"taxonomy":"post_tag","embeddable":true,"href":"https:\/\/www.andreas-edler.de\/blog\/wp-json\/wp\/v2\/tags?post=4487"}],"curies":[{"name":"wp","href":"https:\/\/api.w.org\/{rel}","templated":true}]}}