{"id":4483,"date":"2005-04-23T17:48:00","date_gmt":"2005-04-23T15:48:00","guid":{"rendered":"http:\/\/www.andreas-edler.de\/blog\/2005\/04\/terrasse-6\/"},"modified":"2013-11-01T13:49:53","modified_gmt":"2013-11-01T12:49:53","slug":"terrasse-6","status":"publish","type":"post","link":"https:\/\/www.andreas-edler.de\/blog\/2005\/04\/terrasse-6\/","title":{"rendered":"Terrasse 6"},"content":{"rendered":"<p>Bis heute morgen h\u00e4tten wir uns noch entscheiden k\u00f6nnen, ob es eine Terrasse aus Holz (warum hat mir eigentlich keiner gesagt, dass man das mit zwei R schreibt?) oder eine mit herk\u00f6mlichen Steinplatten wird.<\/p>\n<p>Nun ist das durch. Ich war los und habe die Betonst\u00fctzen f\u00fcr den Unterbau gekauft. 20 St\u00fcck, 60cm lang und oben &#8217;ne \u00d6ffnung f\u00fcr den Tr\u00e4ger, der dort einbetoniert wird. Leider waren nur 15 vorr\u00e4tig &#8230; der Rest kommt Mittwoch mit dem Schotter. Habe ich echt 3 Kubikmeter Erde da weg gebuddelt? TsTs &#8230;<\/p>\n<p>So sah es gegen 13.00 Uhr aus:<\/p>\n<p align=\"center\"><img decoding=\"async\" src=\"http:\/\/www.andreas-edler.de\/grafik\/blog\/20050423_beton1.jpg\"><\/p>\n<p>Und um 17.30 Uhr waren die Pfeiler dann im Boden. Nat\u00fcrlich sch\u00f6n ausgerichtet, die sind alle in Waage &#8230; ;-)<\/p>\n<p align=\"center\"><img decoding=\"async\" src=\"http:\/\/www.andreas-edler.de\/grafik\/blog\/20050423_beton2.jpg\"><\/p>\n","protected":false},"excerpt":{"rendered":"<p>Bis heute morgen h\u00e4tten wir uns noch entscheiden k\u00f6nnen, ob es eine Terrasse aus Holz (warum hat mir eigentlich keiner gesagt, dass man das mit zwei R schreibt?) oder eine mit herk\u00f6mlichen Steinplatten wird. Nun ist das durch. Ich war &hellip;<\/p>\n<p class=\"read-more\"> <a class=\"more-link\" href=\"https:\/\/www.andreas-edler.de\/blog\/2005\/04\/terrasse-6\/\"> <span class=\"screen-reader-text\">Terrasse 6<\/span> Weiterlesen &raquo;<\/a><\/p>\n","protected":false},"author":1,"featured_media":0,"comment_status":"open","ping_status":"open","sticky":false,"template":"","format":"standard","meta":{"ngg_post_thumbnail":0,"activitypub_content_warning":"","activitypub_content_visibility":"","activitypub_max_image_attachments":2,"activitypub_interaction_policy_quote":"anyone","activitypub_status":"","footnotes":""},"categories":[22],"tags":[26],"class_list":["post-4483","post","type-post","status-publish","format-standard","hentry","category-basteln","tag-holzterrasse"],"share_on_mastodon":{"url":"","error":""},"_links":{"self":[{"href":"https:\/\/www.andreas-edler.de\/blog\/wp-json\/wp\/v2\/posts\/4483","targetHints":{"allow":["GET"]}}],"collection":[{"href":"https:\/\/www.andreas-edler.de\/blog\/wp-json\/wp\/v2\/posts"}],"about":[{"href":"https:\/\/www.andreas-edler.de\/blog\/wp-json\/wp\/v2\/types\/post"}],"author":[{"embeddable":true,"href":"https:\/\/www.andreas-edler.de\/blog\/wp-json\/wp\/v2\/users\/1"}],"replies":[{"embeddable":true,"href":"https:\/\/www.andreas-edler.de\/blog\/wp-json\/wp\/v2\/comments?post=4483"}],"version-history":[{"count":0,"href":"https:\/\/www.andreas-edler.de\/blog\/wp-json\/wp\/v2\/posts\/4483\/revisions"}],"wp:attachment":[{"href":"https:\/\/www.andreas-edler.de\/blog\/wp-json\/wp\/v2\/media?parent=4483"}],"wp:term":[{"taxonomy":"category","embeddable":true,"href":"https:\/\/www.andreas-edler.de\/blog\/wp-json\/wp\/v2\/categories?post=4483"},{"taxonomy":"post_tag","embeddable":true,"href":"https:\/\/www.andreas-edler.de\/blog\/wp-json\/wp\/v2\/tags?post=4483"}],"curies":[{"name":"wp","href":"https:\/\/api.w.org\/{rel}","templated":true}]}}