{"id":4472,"date":"2005-04-09T18:00:00","date_gmt":"2005-04-09T17:00:00","guid":{"rendered":"http:\/\/www.andreas-edler.de\/blog\/2005\/04\/wieder-einen-winter-gerettet\/"},"modified":"2005-04-09T18:00:00","modified_gmt":"2005-04-09T17:00:00","slug":"wieder-einen-winter-gerettet","status":"publish","type":"post","link":"https:\/\/www.andreas-edler.de\/blog\/2005\/04\/wieder-einen-winter-gerettet\/","title":{"rendered":"Wieder einen Winter gerettet!"},"content":{"rendered":"<p>Vor Jahren &#8211; mein Vater und ich sind uns nicht einig, ob es 3 oder 6 sind &#8211; haben wir im Wald mal 2 B\u00e4ume &#8222;runter gemacht&#8220; und in handliche H\u00e4ppchen ges\u00e4gt. Irgendwann habe ich knapp die H\u00e4lfte davon in noch handlichere Scheite gehackt.<\/p>\n<p>Und nachdem ich den unseligen Kompost hinterm Haus platt gemacht habe, sind dort nun zwei neue Holzbeh\u00e4lter aus jeweils 2 Estrichmatten platziert. Nicht besonders sch\u00f6n, aber praktisch und g\u00fcnstig! Der n\u00e4chste Winter kann kommen!<\/p>\n<p><img decoding=\"async\" src=\"http:\/\/www.andreas-edler.de\/grafik\/blog\/20050409_holz.jpg\"><\/p>\n","protected":false},"excerpt":{"rendered":"<p>Vor Jahren &#8211; mein Vater und ich sind uns nicht einig, ob es 3 oder 6 sind &#8211; haben wir im Wald mal 2 B\u00e4ume &#8222;runter gemacht&#8220; und in handliche H\u00e4ppchen ges\u00e4gt. Irgendwann habe ich knapp die H\u00e4lfte davon in &hellip;<\/p>\n<p class=\"read-more\"> <a class=\"more-link\" href=\"https:\/\/www.andreas-edler.de\/blog\/2005\/04\/wieder-einen-winter-gerettet\/\"> <span class=\"screen-reader-text\">Wieder einen Winter gerettet!<\/span> Weiterlesen &raquo;<\/a><\/p>\n","protected":false},"author":1,"featured_media":0,"comment_status":"open","ping_status":"open","sticky":false,"template":"","format":"standard","meta":{"ngg_post_thumbnail":0,"activitypub_content_warning":"","activitypub_content_visibility":"","activitypub_max_image_attachments":2,"activitypub_interaction_policy_quote":"anyone","activitypub_status":"","footnotes":""},"categories":[1],"tags":[],"class_list":["post-4472","post","type-post","status-publish","format-standard","hentry","category-allgemein"],"share_on_mastodon":{"url":"","error":""},"_links":{"self":[{"href":"https:\/\/www.andreas-edler.de\/blog\/wp-json\/wp\/v2\/posts\/4472","targetHints":{"allow":["GET"]}}],"collection":[{"href":"https:\/\/www.andreas-edler.de\/blog\/wp-json\/wp\/v2\/posts"}],"about":[{"href":"https:\/\/www.andreas-edler.de\/blog\/wp-json\/wp\/v2\/types\/post"}],"author":[{"embeddable":true,"href":"https:\/\/www.andreas-edler.de\/blog\/wp-json\/wp\/v2\/users\/1"}],"replies":[{"embeddable":true,"href":"https:\/\/www.andreas-edler.de\/blog\/wp-json\/wp\/v2\/comments?post=4472"}],"version-history":[{"count":0,"href":"https:\/\/www.andreas-edler.de\/blog\/wp-json\/wp\/v2\/posts\/4472\/revisions"}],"wp:attachment":[{"href":"https:\/\/www.andreas-edler.de\/blog\/wp-json\/wp\/v2\/media?parent=4472"}],"wp:term":[{"taxonomy":"category","embeddable":true,"href":"https:\/\/www.andreas-edler.de\/blog\/wp-json\/wp\/v2\/categories?post=4472"},{"taxonomy":"post_tag","embeddable":true,"href":"https:\/\/www.andreas-edler.de\/blog\/wp-json\/wp\/v2\/tags?post=4472"}],"curies":[{"name":"wp","href":"https:\/\/api.w.org\/{rel}","templated":true}]}}