{"id":4470,"date":"2005-04-07T22:10:00","date_gmt":"2005-04-07T20:10:00","guid":{"rendered":"http:\/\/www.andreas-edler.de\/blog\/2005\/04\/da-kommt-sie-mal-hin-gartenterrasse-nr-3\/"},"modified":"2013-11-01T13:48:39","modified_gmt":"2013-11-01T12:48:39","slug":"da-kommt-sie-mal-hin-gartenterrasse-nr","status":"publish","type":"post","link":"https:\/\/www.andreas-edler.de\/blog\/2005\/04\/da-kommt-sie-mal-hin-gartenterrasse-nr\/","title":{"rendered":"Da kommt sie mal hin &#8211; Gartenterrasse Nr. 3"},"content":{"rendered":"<p>Gestern abend ging&#8217;s weiter. Das Rindenmulch abgetragen und mitsamt Erde in die Kuhle um den Lichtschacht gepackt und ordentlich festgestampft. Ich glaube aber, dass das trotzdem noch weiter absackt. Ist aber egal, weil wir wieder von Stein auf Holz umgeschwenkt sind und ich da ein Lattenger\u00fcst auf im Boden versenkte Betonpfeiler (solche wo z.B. Gartenz\u00e4une und W\u00e4scheleinenmasten draufgesteckt werden) aufbaue. Das bekommt man sch\u00f6n eben und der Boden darunter kann sacken was er will! Schicht Split und Kies drauf, damit das Unkraut wegbleibt und gut ist. Stand der Dinge:<\/p>\n<p align=\"center\"><img decoding=\"async\" src=\"http:\/\/www.andreas-edler.de\/grafik\/blog\/20050406_ausgeschachtet.jpg\"><\/p>\n","protected":false},"excerpt":{"rendered":"<p>Gestern abend ging&#8217;s weiter. Das Rindenmulch abgetragen und mitsamt Erde in die Kuhle um den Lichtschacht gepackt und ordentlich festgestampft. Ich glaube aber, dass das trotzdem noch weiter absackt. Ist aber egal, weil wir wieder von Stein auf Holz umgeschwenkt &hellip;<\/p>\n<p class=\"read-more\"> <a class=\"more-link\" href=\"https:\/\/www.andreas-edler.de\/blog\/2005\/04\/da-kommt-sie-mal-hin-gartenterrasse-nr\/\"> <span class=\"screen-reader-text\">Da kommt sie mal hin &#8211; Gartenterrasse Nr. 3<\/span> Weiterlesen &raquo;<\/a><\/p>\n","protected":false},"author":1,"featured_media":0,"comment_status":"open","ping_status":"open","sticky":false,"template":"","format":"standard","meta":{"ngg_post_thumbnail":0,"activitypub_content_warning":"","activitypub_content_visibility":"","activitypub_max_image_attachments":2,"activitypub_interaction_policy_quote":"anyone","activitypub_status":"","footnotes":""},"categories":[22],"tags":[26],"class_list":["post-4470","post","type-post","status-publish","format-standard","hentry","category-basteln","tag-holzterrasse"],"share_on_mastodon":{"url":"","error":""},"_links":{"self":[{"href":"https:\/\/www.andreas-edler.de\/blog\/wp-json\/wp\/v2\/posts\/4470","targetHints":{"allow":["GET"]}}],"collection":[{"href":"https:\/\/www.andreas-edler.de\/blog\/wp-json\/wp\/v2\/posts"}],"about":[{"href":"https:\/\/www.andreas-edler.de\/blog\/wp-json\/wp\/v2\/types\/post"}],"author":[{"embeddable":true,"href":"https:\/\/www.andreas-edler.de\/blog\/wp-json\/wp\/v2\/users\/1"}],"replies":[{"embeddable":true,"href":"https:\/\/www.andreas-edler.de\/blog\/wp-json\/wp\/v2\/comments?post=4470"}],"version-history":[{"count":0,"href":"https:\/\/www.andreas-edler.de\/blog\/wp-json\/wp\/v2\/posts\/4470\/revisions"}],"wp:attachment":[{"href":"https:\/\/www.andreas-edler.de\/blog\/wp-json\/wp\/v2\/media?parent=4470"}],"wp:term":[{"taxonomy":"category","embeddable":true,"href":"https:\/\/www.andreas-edler.de\/blog\/wp-json\/wp\/v2\/categories?post=4470"},{"taxonomy":"post_tag","embeddable":true,"href":"https:\/\/www.andreas-edler.de\/blog\/wp-json\/wp\/v2\/tags?post=4470"}],"curies":[{"name":"wp","href":"https:\/\/api.w.org\/{rel}","templated":true}]}}