{"id":4463,"date":"2005-03-26T20:54:00","date_gmt":"2005-03-26T19:54:00","guid":{"rendered":"http:\/\/www.andreas-edler.de\/blog\/2005\/03\/gartenterrasse\/"},"modified":"2013-11-01T13:49:03","modified_gmt":"2013-11-01T12:49:03","slug":"gartenterrasse","status":"publish","type":"post","link":"https:\/\/www.andreas-edler.de\/blog\/2005\/03\/gartenterrasse\/","title":{"rendered":"Gartenterrasse &#8230;"},"content":{"rendered":"<p>So langsam nimmt unsere Terrasse Gestalt an. Eigentlich hatten wir vor, eine Sitzecke ganz hinten im Garten zu machen, aber mal ehrlich, wer will die ganzen Klamotten denn immer dahin tragen, wenn man wirklich mal drau\u00dfen essen m\u00f6chte?<\/p>\n<p>Also haben wir eine neue Stelle ausgemacht: direkt neben dem Wintergarten. Hat eigentlich nur Vorteile: n\u00e4her am Eingang zum Wintergarten, direkt am Teich, S\u00fcdwestseite, von 3 Seiten windgesch\u00fctzt und die Klinker der S\u00fcdwand speichern die Sonnenw\u00e4rme ganz ordentlich.<\/p>\n<p>Leider war an der Stelle eine Mulde mit Kies zu einem Kellerfenster. Da mu\u00df nun ein Lichtschacht hin, damit wir eine ebene Fl\u00e4che bekommen. Als &#8222;Fu\u00dfboden&#8220; m\u00f6chte ich gerne Holz haben. Aber erstmal eins nach dem anderen. Heute war der Lichtschacht dran:<\/p>\n<p align=\"center\"><img decoding=\"async\" src=\"http:\/\/www.andreas-edler.de\/grafik\/blog\/20050326_lichtschacht.jpg\"><\/p>\n<p>Damit ist der dahinter liegende Kellerraum zwar etwas dunkler, aber einen Tod mu\u00df man wohl sterben.<\/p>\n","protected":false},"excerpt":{"rendered":"<p>So langsam nimmt unsere Terrasse Gestalt an. Eigentlich hatten wir vor, eine Sitzecke ganz hinten im Garten zu machen, aber mal ehrlich, wer will die ganzen Klamotten denn immer dahin tragen, wenn man wirklich mal drau\u00dfen essen m\u00f6chte? Also haben &hellip;<\/p>\n<p class=\"read-more\"> <a class=\"more-link\" href=\"https:\/\/www.andreas-edler.de\/blog\/2005\/03\/gartenterrasse\/\"> <span class=\"screen-reader-text\">Gartenterrasse &#8230;<\/span> Weiterlesen &raquo;<\/a><\/p>\n","protected":false},"author":1,"featured_media":0,"comment_status":"open","ping_status":"open","sticky":false,"template":"","format":"standard","meta":{"ngg_post_thumbnail":0,"activitypub_content_warning":"","activitypub_content_visibility":"","activitypub_max_image_attachments":2,"activitypub_interaction_policy_quote":"anyone","activitypub_status":"","footnotes":""},"categories":[22],"tags":[26],"class_list":["post-4463","post","type-post","status-publish","format-standard","hentry","category-basteln","tag-holzterrasse"],"share_on_mastodon":{"url":"","error":""},"_links":{"self":[{"href":"https:\/\/www.andreas-edler.de\/blog\/wp-json\/wp\/v2\/posts\/4463","targetHints":{"allow":["GET"]}}],"collection":[{"href":"https:\/\/www.andreas-edler.de\/blog\/wp-json\/wp\/v2\/posts"}],"about":[{"href":"https:\/\/www.andreas-edler.de\/blog\/wp-json\/wp\/v2\/types\/post"}],"author":[{"embeddable":true,"href":"https:\/\/www.andreas-edler.de\/blog\/wp-json\/wp\/v2\/users\/1"}],"replies":[{"embeddable":true,"href":"https:\/\/www.andreas-edler.de\/blog\/wp-json\/wp\/v2\/comments?post=4463"}],"version-history":[{"count":0,"href":"https:\/\/www.andreas-edler.de\/blog\/wp-json\/wp\/v2\/posts\/4463\/revisions"}],"wp:attachment":[{"href":"https:\/\/www.andreas-edler.de\/blog\/wp-json\/wp\/v2\/media?parent=4463"}],"wp:term":[{"taxonomy":"category","embeddable":true,"href":"https:\/\/www.andreas-edler.de\/blog\/wp-json\/wp\/v2\/categories?post=4463"},{"taxonomy":"post_tag","embeddable":true,"href":"https:\/\/www.andreas-edler.de\/blog\/wp-json\/wp\/v2\/tags?post=4463"}],"curies":[{"name":"wp","href":"https:\/\/api.w.org\/{rel}","templated":true}]}}