{"id":4459,"date":"2005-03-23T17:55:00","date_gmt":"2005-03-23T16:55:00","guid":{"rendered":"http:\/\/www.andreas-edler.de\/blog\/2005\/03\/sommer-befohlen\/"},"modified":"2005-03-23T17:55:00","modified_gmt":"2005-03-23T16:55:00","slug":"sommer-befohlen","status":"publish","type":"post","link":"https:\/\/www.andreas-edler.de\/blog\/2005\/03\/sommer-befohlen\/","title":{"rendered":"Sommer befohlen!"},"content":{"rendered":"<p>In den letzten 2 Tagen war ich im B\u00fcro mit kurzen \u00c4rmeln. Erster! <grins><\/p>\n<p>Es wird drau\u00dfen immer w\u00e4rmer &#8230; sehr sch\u00f6n. Heute morgen war&#8217;s klasse, die Sonne hinter einem dicken Schleier und \u00fcber der Werre hing noch Nebel. Da hatte ich gar keine Lust ins B\u00fcro zu fahren ;-)<\/p>\n<p>Hoffentlich kommt heute mein neues LX Schaltwerk f\u00fcr&#8217;s Fahrrad. Das Acera Teil nervt ein bi\u00dfchen beim Schalten &#8230;<\/p>\n","protected":false},"excerpt":{"rendered":"<p>In den letzten 2 Tagen war ich im B\u00fcro mit kurzen \u00c4rmeln. Erster! Es wird drau\u00dfen immer w\u00e4rmer &#8230; sehr sch\u00f6n. Heute morgen war&#8217;s klasse, die Sonne hinter einem dicken Schleier und \u00fcber der Werre hing noch Nebel. Da hatte &hellip;<\/p>\n<p class=\"read-more\"> <a class=\"more-link\" href=\"https:\/\/www.andreas-edler.de\/blog\/2005\/03\/sommer-befohlen\/\"> <span class=\"screen-reader-text\">Sommer befohlen!<\/span> Weiterlesen &raquo;<\/a><\/p>\n","protected":false},"author":1,"featured_media":0,"comment_status":"open","ping_status":"open","sticky":false,"template":"","format":"standard","meta":{"ngg_post_thumbnail":0,"activitypub_content_warning":"","activitypub_content_visibility":"","activitypub_max_image_attachments":2,"activitypub_interaction_policy_quote":"anyone","activitypub_status":"","footnotes":""},"categories":[1],"tags":[],"class_list":["post-4459","post","type-post","status-publish","format-standard","hentry","category-allgemein"],"share_on_mastodon":{"url":"","error":""},"_links":{"self":[{"href":"https:\/\/www.andreas-edler.de\/blog\/wp-json\/wp\/v2\/posts\/4459","targetHints":{"allow":["GET"]}}],"collection":[{"href":"https:\/\/www.andreas-edler.de\/blog\/wp-json\/wp\/v2\/posts"}],"about":[{"href":"https:\/\/www.andreas-edler.de\/blog\/wp-json\/wp\/v2\/types\/post"}],"author":[{"embeddable":true,"href":"https:\/\/www.andreas-edler.de\/blog\/wp-json\/wp\/v2\/users\/1"}],"replies":[{"embeddable":true,"href":"https:\/\/www.andreas-edler.de\/blog\/wp-json\/wp\/v2\/comments?post=4459"}],"version-history":[{"count":0,"href":"https:\/\/www.andreas-edler.de\/blog\/wp-json\/wp\/v2\/posts\/4459\/revisions"}],"wp:attachment":[{"href":"https:\/\/www.andreas-edler.de\/blog\/wp-json\/wp\/v2\/media?parent=4459"}],"wp:term":[{"taxonomy":"category","embeddable":true,"href":"https:\/\/www.andreas-edler.de\/blog\/wp-json\/wp\/v2\/categories?post=4459"},{"taxonomy":"post_tag","embeddable":true,"href":"https:\/\/www.andreas-edler.de\/blog\/wp-json\/wp\/v2\/tags?post=4459"}],"curies":[{"name":"wp","href":"https:\/\/api.w.org\/{rel}","templated":true}]}}