{"id":4456,"date":"2005-03-14T06:44:00","date_gmt":"2005-03-14T05:44:00","guid":{"rendered":"http:\/\/www.andreas-edler.de\/blog\/2005\/03\/endlich-mal-aufraumen\/"},"modified":"2005-03-14T06:44:00","modified_gmt":"2005-03-14T05:44:00","slug":"endlich-mal-aufrumen","status":"publish","type":"post","link":"https:\/\/www.andreas-edler.de\/blog\/2005\/03\/endlich-mal-aufrumen\/","title":{"rendered":"Endlich mal aufr\u00e4umen &#8230;"},"content":{"rendered":"<p>Gestern war aufr\u00e4umen angesagt. Im Arbeitszimmer st\u00f6rte mich schon immer der Kabelwust, der unweigerlich entsteht, wenn man mehr als 2 PCs untereinander und mit der weiten Welt verkabeln m\u00f6chte. Tim st\u00f6rte das nicht so sehr, da er prima an den Kabeln ziehen konnte :-\/ Also mu\u00df das verkleidet werden. Holz hatte ich noch rumfliegen, Schrauben und Leim auch. Also kurz gemessen und in den Keller zur\u00fcckgezogen &#8230; ein wenig s\u00e4gen, leimen und schrauben sp\u00e4ter konnte ich die Einzelteile mit Bienenwachs anstreichen und nach einer Nacht Trocknung im Arbeitszimmer aufbauen. Und daher sieht die Kabelecke nun so aus:<\/p>\n<p><img decoding=\"async\" src=\"http:\/\/www.andreas-edler.de\/grafik\/pc_multiplex\/07_kommunikation_aufgebaut.jpg\"><\/p>\n<p>Hier gibt&#8217;s noch ein paar <a href=\"http:\/\/www.andreas-edler.de\/comp_pc_birke.htm\">Bilder vom Bau der Box<\/a> &#8230;<\/p>\n","protected":false},"excerpt":{"rendered":"<p>Gestern war aufr\u00e4umen angesagt. Im Arbeitszimmer st\u00f6rte mich schon immer der Kabelwust, der unweigerlich entsteht, wenn man mehr als 2 PCs untereinander und mit der weiten Welt verkabeln m\u00f6chte. Tim st\u00f6rte das nicht so sehr, da er prima an den &hellip;<\/p>\n<p class=\"read-more\"> <a class=\"more-link\" href=\"https:\/\/www.andreas-edler.de\/blog\/2005\/03\/endlich-mal-aufrumen\/\"> <span class=\"screen-reader-text\">Endlich mal aufr\u00e4umen &#8230;<\/span> Weiterlesen &raquo;<\/a><\/p>\n","protected":false},"author":1,"featured_media":0,"comment_status":"open","ping_status":"open","sticky":false,"template":"","format":"standard","meta":{"ngg_post_thumbnail":0,"activitypub_content_warning":"","activitypub_content_visibility":"","activitypub_max_image_attachments":2,"activitypub_interaction_policy_quote":"anyone","activitypub_status":"","footnotes":""},"categories":[1],"tags":[],"class_list":["post-4456","post","type-post","status-publish","format-standard","hentry","category-allgemein"],"share_on_mastodon":{"url":"","error":""},"_links":{"self":[{"href":"https:\/\/www.andreas-edler.de\/blog\/wp-json\/wp\/v2\/posts\/4456","targetHints":{"allow":["GET"]}}],"collection":[{"href":"https:\/\/www.andreas-edler.de\/blog\/wp-json\/wp\/v2\/posts"}],"about":[{"href":"https:\/\/www.andreas-edler.de\/blog\/wp-json\/wp\/v2\/types\/post"}],"author":[{"embeddable":true,"href":"https:\/\/www.andreas-edler.de\/blog\/wp-json\/wp\/v2\/users\/1"}],"replies":[{"embeddable":true,"href":"https:\/\/www.andreas-edler.de\/blog\/wp-json\/wp\/v2\/comments?post=4456"}],"version-history":[{"count":0,"href":"https:\/\/www.andreas-edler.de\/blog\/wp-json\/wp\/v2\/posts\/4456\/revisions"}],"wp:attachment":[{"href":"https:\/\/www.andreas-edler.de\/blog\/wp-json\/wp\/v2\/media?parent=4456"}],"wp:term":[{"taxonomy":"category","embeddable":true,"href":"https:\/\/www.andreas-edler.de\/blog\/wp-json\/wp\/v2\/categories?post=4456"},{"taxonomy":"post_tag","embeddable":true,"href":"https:\/\/www.andreas-edler.de\/blog\/wp-json\/wp\/v2\/tags?post=4456"}],"curies":[{"name":"wp","href":"https:\/\/api.w.org\/{rel}","templated":true}]}}