{"id":4455,"date":"2005-03-12T21:02:00","date_gmt":"2005-03-12T20:02:00","guid":{"rendered":"http:\/\/www.andreas-edler.de\/blog\/2005\/03\/cebit-2005\/"},"modified":"2013-11-01T13:49:11","modified_gmt":"2013-11-01T12:49:11","slug":"cebit-2005","status":"publish","type":"post","link":"https:\/\/www.andreas-edler.de\/blog\/2005\/03\/cebit-2005\/","title":{"rendered":"CeBit 2005"},"content":{"rendered":"<p>So, 24 Stunden sp\u00e4ter &#8211; die F\u00fc\u00dfe sind wieder in Form!<\/p>\n<p>Wir sind am Freitag um 7 Uhr morgens los gefahren. Nie am Samstag oder Sonntag zur CeBit und auch nicht von den Warmduschern verunsichern lassen &#8211; man bekommt einen Parkplatz: schnell! Aber davor gab&#8217;s erstmal ein kleines Fr\u00fchst\u00fcck bei McDonalds in Nienburg. Egg McMuffin bekommt man zu &#8222;normalen&#8220; McDonaldszeiten ja nicht ;-) Danach ging&#8217;s wieder auf die gut gef\u00fcllte, aber z\u00fcgig flie\u00dfende Autobahn.<\/p>\n<p>Nat\u00fcrlich darf man sich nicht in den Stau vor der Abfahrt einreihen, wenn das erste Mal &#8222;Messe&#8220; auf den Schildern steht. Nat\u00fcrlich nicht! Die Abfahrt dort ist zweispurig! Also am Stau vorbei und direkt in die Abfahrt rein. War keine Sau auf der rechten Spur; Dilletanten, Anf\u00e4nger ;-) Ab da ist man dann auf dem Messeschnellweg, der aber die ersten 3 oder 4 Kilometer immer eher einer Standspur gleicht. Obwohl morgens ja alle 4 Spuren in eine Richtung f\u00fchren &#8211; leider ist da eine Mittelleitplanke und man kann nicht sofort nach ganz links r\u00fcber.<\/p>\n<p>Aber das dauerte nur 10 Minuten und dann &#8211; schwups &#8211; auf den Standstreifen des Gegenverkehrs. Ist ja alles frei gegeben, nur trauen sich die meisten irgendwie nicht. So sind wir mit knapp 100 (mehr darf man da nicht) an den ganzen Schlipstr\u00e4gern auf den beiden rechten Spuren vorbeigerauscht und waren nach nicht ganz 50 Minuten reiner Fahrtzeit auf dem Parkplatz Ost4. 5 Minuten von der gro\u00dfen Br\u00fccke zum Eingang entfernt. Das hat die letzten Jahre schon immer geklappt!<\/p>\n<p>Leider hat es ein bi\u00dfchen geregnet und es war lausig kalt. In meinem Hemd mit Sakko habe ich ganz sch\u00f6n gefroren und Simone war auf das Wetter am Schimpfen wie ein Rohrspatz, weil die Frisur nun nicht mehr sa\u00df. *g* Das sah ich allerdings als das geringste Problem an &#8211; mir war kalt!<\/p>\n<p>Tja, und dann rein in die heiligen Hallen. Neuigkeiten erwartete ich nicht. Dienstlich hatte ich auch nichts zu tun. Also wollte ich eigentlich nur zu O2 und zu Sony-Ericcsson und ansonsten rumschlendern. Das taten wir dann auch. Insgesamt war es recht leer fand ich. Man konnte \u00fcberall bequem durchkommen, fast nirgends war Gedr\u00e4ngel, es sei denn, das Standpersonal sah so aus:<br \/><img decoding=\"async\" src=\"http:\/\/www.andreas-edler.de\/grafik\/blog\/cebit4.jpg\"><\/p>\n<p>Aber auch das kam nicht mehr so h\u00e4ufig vor. Auch die \u00fcblichen &#8222;Ich stopfe mir alles was geht in die Tasche&#8220;-Turnschuhtr\u00e4ger waren nicht so reichlich vertreten. War ja auch kein Wochenende. Sehr viele asiatische St\u00e4nde waren zu sehen, teilweise extrem klein, aber auch extrem bem\u00fcht. 15 Sekunden in den Stand geschaut und schon kam das Personal angelaufen ;-) Aber bis auf einen Mokel, der uns Refill-Tinte andrehen wollte, haben wir mit niemandem geredet. Und dem habe ich ein wenig die Meinung gesagt &#8211; sachlich versteht sich *g*<\/p>\n<p>Simone wollte Promis sehen &#8211; naja, Pierre Gei\u00dfentreter  (oder wie immer er hei\u00dft) ist wohl eher ein Almkandidat, denn ein richtiger Promi. Aber bei der T-Com stand pl\u00f6tzlich die anbetungsw\u00fcrdige Barbara Sch\u00f6neberger auf der B\u00fchne. Die kann wenigstens unterhalten! Eine Panne bei einem Spielchen hat sie ziemlich charmant umschifft. Das Highlight der CeBit bis dahin. Andere Pr\u00e4sentatoren waren dagegen unter aller Sau. Da fragt man sich, wer die Honsel da erz\u00e4hlen l\u00e4sst. Nachdem wir das im letzten Jahr nun oft genug selbst gemacht hatten, dachten wir uns hier ein Urteil erlauben zu k\u00f6nnen und haben bei einigen St\u00e4nden reingeh\u00f6rt. Positiv fiel mir da ein Mensch auf, der bei Creative MP3-Player verloste. Der war zwar zotig und unter der G\u00fcrtellinie (und ich glaube auch nicht, dass die Konkurrenz das alles so lustig fand), aber der konnte einen am Stand halten!<\/p>\n<p><img decoding=\"async\" src=\"http:\/\/www.andreas-edler.de\/grafik\/blog\/cebit1.jpg\"><\/p>\n<p>Zu Essen gab&#8217;s dann in einem s\u00fcndteuren aber leidlich guten Restaurant. Nachdem wir anfangs alle Nase lang eine Snackbar oder einen Imbiss gesehen hatten, fanden wir nat\u00fcrlich nichts als wir Hunger bekamen. Danach haben wir wieder st\u00e4ndig irgenwo einen Laden gesehen, der besser aussah und billiger war. GRMBL! Irgendwann waren wir bei Sony Ericcsson und ich wei\u00df, was ich als n\u00e4chstes Handy haben will :-) Der O2 Stand war meiner Meinung nach der sch\u00f6nste.<\/p>\n<p>Hier gab&#8217;s f\u00fcr umme &#8217;nen leckeren Espresso und wir haben 10 Minuten einfach so rumgesessen &#8211; auf beheizten Sitzb\u00e4nken *g* Zu sehen gab&#8217;s zwar nicht unbedingt viel Spielzeug, aber es war irgendwie gem\u00fctlich. Spielzeug war sowieso Mangelware. Man sah wenige Leute mit tollen Gimmicks rumrennen. Es wird gespart. Nicht dass ich ein Give-Away J\u00e4ger bin &#8211; wir hatten nicht mal Taschen dabei &#8211; aber wenigstens anbieten k\u00f6nnte die was. Au\u00dfer diese doofen Schl\u00fcsselb\u00e4nder zum Umh\u00e4ngen. Das sieht albern aus *g* Ich hab&#8216; meins dem Tim geschenkt ;-)<\/p>\n<p><img decoding=\"async\" src=\"http:\/\/www.andreas-edler.de\/grafik\/blog\/cebit6.jpg\"><\/p>\n<p>Was gab&#8217;s sonst? Voice-over-IP sollte einem \u00fcberall ins Gescht springen, aber ich mu\u00dfte mich nirgends ducken. Nur in den Hallen 11 und 12 habe ich ein paar St\u00e4nde dazu gesehen. Aber auch nichts so brandhei\u00dfes, als dass es nicht schon irgendwo im Netz vorgestellt worden w\u00e4re. Alle Nase lang versuchten die Leute &#8222;Media Center L\u00f6sungen&#8220; als *die Neuheit* vorzustellen (sogar Cisco hatte eine r\u00e4sentation dazu). Was soll das? Ist doch ein alter Hut, nur weil Joe Sixpack jetzt auch &#8217;nen PC im Wohnzimmer hat, mu\u00df einem doch keiner abgehen, oder?<\/p>\n<p>HDTV hatte auch jeder im Programm, aber da war ich letztes Jahr beeindruckter. Nirgends hatte ich ein &#8222;Boah Ey&#8220; Gef\u00fchl &#8211; und ich bin wirklich technikverliebt. Was soll&#8217;s vielleicht n\u00e4chstes Jahr. Immerhin macht das Rumlaufen und gucken eine Menge Spa\u00df und gut unterhalten haben wir uns auch! Ich glaube auch nicht, dass sich \u00fcberhaupt jemand von einer Messe &#8211; speziell dieser Messe &#8211; irgendwas neues erwartet. Man mu\u00df da einfach hin.<\/p>\n<p>Auf dem Weg von der Halle zum Auto sind wir dann *richtig* Nass geworden. Bis auf&#8217;s Hemd und es war fies kalt. Ich war schon im T-Shirt auf der CeBit und Mittags haben wir auf den Rasenfl\u00e4chen gelegen. Sitzheizung und Klimaanlage haben uns aber halbwegs aufgetaut. Nach ziemlich genau 12 Stunden waren wir dann wieder zu Hause. Und die F\u00fc\u00dfe hochgelegt.<\/p>\n<p>Bis zum n\u00e4chsten Jahr.<\/p>\n","protected":false},"excerpt":{"rendered":"<p>So, 24 Stunden sp\u00e4ter &#8211; die F\u00fc\u00dfe sind wieder in Form! Wir sind am Freitag um 7 Uhr morgens los gefahren. Nie am Samstag oder Sonntag zur CeBit und auch nicht von den Warmduschern verunsichern lassen &#8211; man bekommt einen &hellip;<\/p>\n<p class=\"read-more\"> <a class=\"more-link\" href=\"https:\/\/www.andreas-edler.de\/blog\/2005\/03\/cebit-2005\/\"> <span class=\"screen-reader-text\">CeBit 2005<\/span> Weiterlesen &raquo;<\/a><\/p>\n","protected":false},"author":1,"featured_media":0,"comment_status":"open","ping_status":"open","sticky":false,"template":"","format":"standard","meta":{"ngg_post_thumbnail":0,"activitypub_content_warning":"","activitypub_content_visibility":"","activitypub_max_image_attachments":2,"activitypub_interaction_policy_quote":"anyone","activitypub_status":"","footnotes":""},"categories":[1],"tags":[25,24],"class_list":["post-4455","post","type-post","status-publish","format-standard","hentry","category-allgemein","tag-cebit","tag-computer"],"share_on_mastodon":{"url":"","error":""},"_links":{"self":[{"href":"https:\/\/www.andreas-edler.de\/blog\/wp-json\/wp\/v2\/posts\/4455","targetHints":{"allow":["GET"]}}],"collection":[{"href":"https:\/\/www.andreas-edler.de\/blog\/wp-json\/wp\/v2\/posts"}],"about":[{"href":"https:\/\/www.andreas-edler.de\/blog\/wp-json\/wp\/v2\/types\/post"}],"author":[{"embeddable":true,"href":"https:\/\/www.andreas-edler.de\/blog\/wp-json\/wp\/v2\/users\/1"}],"replies":[{"embeddable":true,"href":"https:\/\/www.andreas-edler.de\/blog\/wp-json\/wp\/v2\/comments?post=4455"}],"version-history":[{"count":0,"href":"https:\/\/www.andreas-edler.de\/blog\/wp-json\/wp\/v2\/posts\/4455\/revisions"}],"wp:attachment":[{"href":"https:\/\/www.andreas-edler.de\/blog\/wp-json\/wp\/v2\/media?parent=4455"}],"wp:term":[{"taxonomy":"category","embeddable":true,"href":"https:\/\/www.andreas-edler.de\/blog\/wp-json\/wp\/v2\/categories?post=4455"},{"taxonomy":"post_tag","embeddable":true,"href":"https:\/\/www.andreas-edler.de\/blog\/wp-json\/wp\/v2\/tags?post=4455"}],"curies":[{"name":"wp","href":"https:\/\/api.w.org\/{rel}","templated":true}]}}