{"id":4390,"date":"2004-11-03T14:22:00","date_gmt":"2004-11-03T13:22:00","guid":{"rendered":"http:\/\/www.andreas-edler.de\/blog\/2004\/11\/4390\/"},"modified":"2013-11-01T13:40:39","modified_gmt":"2013-11-01T12:40:39","slug":"was-fr-ein-hick-hack-da-wird-die-wahl","status":"publish","type":"post","link":"https:\/\/www.andreas-edler.de\/blog\/2004\/11\/was-fr-ein-hick-hack-da-wird-die-wahl\/","title":{"rendered":"Wahlen?"},"content":{"rendered":"<h4>Was f\u00fcr ein Hick-Hack!<\/h4>\n<p>Da wird die Wahl in den USA doch schon wieder unglaubw\u00fcrdig. Schon wieder entscheiden ein paar undurchsichtige Stimmen \u00fcber den neuen Pr\u00e4sidenten und schon wieder hat sich der neue (und alte) Pr\u00e4sident vorab selbst auf den Thron gesetzt.<\/p>\n<p>Schade, dass da dr\u00fcben offensichtlich die Mehrheit der Leute nicht sieht, was f\u00fcr ein schie\u00dfw\u00fctiger, egoistischer, ungebildeter und desinteressierter Mann an die Macht gew\u00e4hlt wird. Viele Gr\u00fc\u00dfe, John Wayne &#8230; :-(<\/p>\n","protected":false},"excerpt":{"rendered":"<p>Was f\u00fcr ein Hick-Hack! Da wird die Wahl in den USA doch schon wieder unglaubw\u00fcrdig. Schon wieder entscheiden ein paar undurchsichtige Stimmen \u00fcber den neuen Pr\u00e4sidenten und schon wieder hat sich der neue (und alte) Pr\u00e4sident vorab selbst auf den &hellip;<\/p>\n<p class=\"read-more\"> <a class=\"more-link\" href=\"https:\/\/www.andreas-edler.de\/blog\/2004\/11\/was-fr-ein-hick-hack-da-wird-die-wahl\/\"> <span class=\"screen-reader-text\">Wahlen?<\/span> Weiterlesen &raquo;<\/a><\/p>\n","protected":false},"author":1,"featured_media":0,"comment_status":"open","ping_status":"open","sticky":false,"template":"","format":"standard","meta":{"ngg_post_thumbnail":0,"activitypub_content_warning":"","activitypub_content_visibility":"","activitypub_max_image_attachments":2,"activitypub_interaction_policy_quote":"anyone","activitypub_status":"","footnotes":""},"categories":[1],"tags":[19],"class_list":["post-4390","post","type-post","status-publish","format-standard","hentry","category-allgemein","tag-tagesgeschehen"],"share_on_mastodon":{"url":"","error":""},"_links":{"self":[{"href":"https:\/\/www.andreas-edler.de\/blog\/wp-json\/wp\/v2\/posts\/4390","targetHints":{"allow":["GET"]}}],"collection":[{"href":"https:\/\/www.andreas-edler.de\/blog\/wp-json\/wp\/v2\/posts"}],"about":[{"href":"https:\/\/www.andreas-edler.de\/blog\/wp-json\/wp\/v2\/types\/post"}],"author":[{"embeddable":true,"href":"https:\/\/www.andreas-edler.de\/blog\/wp-json\/wp\/v2\/users\/1"}],"replies":[{"embeddable":true,"href":"https:\/\/www.andreas-edler.de\/blog\/wp-json\/wp\/v2\/comments?post=4390"}],"version-history":[{"count":0,"href":"https:\/\/www.andreas-edler.de\/blog\/wp-json\/wp\/v2\/posts\/4390\/revisions"}],"wp:attachment":[{"href":"https:\/\/www.andreas-edler.de\/blog\/wp-json\/wp\/v2\/media?parent=4390"}],"wp:term":[{"taxonomy":"category","embeddable":true,"href":"https:\/\/www.andreas-edler.de\/blog\/wp-json\/wp\/v2\/categories?post=4390"},{"taxonomy":"post_tag","embeddable":true,"href":"https:\/\/www.andreas-edler.de\/blog\/wp-json\/wp\/v2\/tags?post=4390"}],"curies":[{"name":"wp","href":"https:\/\/api.w.org\/{rel}","templated":true}]}}