{"id":4384,"date":"2004-10-11T09:17:00","date_gmt":"2004-10-11T08:17:00","guid":{"rendered":"http:\/\/www.andreas-edler.de\/blog\/2004\/10\/4384\/"},"modified":"2010-10-10T00:55:32","modified_gmt":"2010-10-09T22:55:32","slug":"ich-glaube-der-sommer-ist-vorbei-heute","status":"publish","type":"post","link":"https:\/\/www.andreas-edler.de\/blog\/2004\/10\/ich-glaube-der-sommer-ist-vorbei-heute\/","title":{"rendered":"Eisig"},"content":{"rendered":"<p>Ich glaube der Sommer ist vorbei! Heute morgen waren die Autos das erste Mal \u00fcbergefroren, ich habe die Sitzheizung angemacht und im B\u00fcro ist es trotz 9 PCs recht k\u00fchl. Das war&#8217;s dann wohl mit in der Sonne liegen.<\/p>\n<p>Gedacht habe ich das gestern schon, als ich meine Runde mit dem Rad drehte. Bis B\u00fcnde lief alles prima, aber zur\u00fcck blies mir der Wind eisig in&#8217;s Gesicht :-( Handschuhe werden wohl bei den n\u00e4chsten Touren tats\u00e4chlich angeraten sein. Aber die ALDI-Windbreaker Jacke ist klasse. Sch\u00f6n leicht und es kommt wirklich kein Wind durch. Leider sind die B\u00fcndchen am Handgelenk etwas weit, so da\u00df dort der der Wind reinpfeifft und die Arme bis zum Ellenbogen kalt werden l\u00e4sst.<\/p>\n<p>Ab \u00fcbermorgen soll es dann sogar nicht nur k\u00e4lter, sondern auch nasser werden :-( Heute abend also noch mal den Rasen k\u00fcrzen &#8211; ich denke, dass wird dann wohl das letzte Mal in diesem Jahr sein.<\/p>\n","protected":false},"excerpt":{"rendered":"<p>Ich glaube der Sommer ist vorbei! Heute morgen waren die Autos das erste Mal \u00fcbergefroren, ich habe die Sitzheizung angemacht und im B\u00fcro ist es trotz 9 PCs recht k\u00fchl. Das war&#8217;s dann wohl mit in der Sonne liegen. Gedacht &hellip;<\/p>\n<p class=\"read-more\"> <a class=\"more-link\" href=\"https:\/\/www.andreas-edler.de\/blog\/2004\/10\/ich-glaube-der-sommer-ist-vorbei-heute\/\"> <span class=\"screen-reader-text\">Eisig<\/span> Weiterlesen &raquo;<\/a><\/p>\n","protected":false},"author":1,"featured_media":0,"comment_status":"open","ping_status":"open","sticky":false,"template":"","format":"standard","meta":{"ngg_post_thumbnail":0,"activitypub_content_warning":"","activitypub_content_visibility":"","activitypub_max_image_attachments":2,"activitypub_interaction_policy_quote":"anyone","activitypub_status":"","footnotes":""},"categories":[15],"tags":[53],"class_list":["post-4384","post","type-post","status-publish","format-standard","hentry","category-fahrrad","tag-wetter"],"share_on_mastodon":{"url":"","error":""},"_links":{"self":[{"href":"https:\/\/www.andreas-edler.de\/blog\/wp-json\/wp\/v2\/posts\/4384","targetHints":{"allow":["GET"]}}],"collection":[{"href":"https:\/\/www.andreas-edler.de\/blog\/wp-json\/wp\/v2\/posts"}],"about":[{"href":"https:\/\/www.andreas-edler.de\/blog\/wp-json\/wp\/v2\/types\/post"}],"author":[{"embeddable":true,"href":"https:\/\/www.andreas-edler.de\/blog\/wp-json\/wp\/v2\/users\/1"}],"replies":[{"embeddable":true,"href":"https:\/\/www.andreas-edler.de\/blog\/wp-json\/wp\/v2\/comments?post=4384"}],"version-history":[{"count":0,"href":"https:\/\/www.andreas-edler.de\/blog\/wp-json\/wp\/v2\/posts\/4384\/revisions"}],"wp:attachment":[{"href":"https:\/\/www.andreas-edler.de\/blog\/wp-json\/wp\/v2\/media?parent=4384"}],"wp:term":[{"taxonomy":"category","embeddable":true,"href":"https:\/\/www.andreas-edler.de\/blog\/wp-json\/wp\/v2\/categories?post=4384"},{"taxonomy":"post_tag","embeddable":true,"href":"https:\/\/www.andreas-edler.de\/blog\/wp-json\/wp\/v2\/tags?post=4384"}],"curies":[{"name":"wp","href":"https:\/\/api.w.org\/{rel}","templated":true}]}}