{"id":4373,"date":"2004-08-03T12:34:00","date_gmt":"2004-08-03T10:34:00","guid":{"rendered":"http:\/\/www.andreas-edler.de\/blog\/2004\/08\/4373\/"},"modified":"2013-11-01T13:41:40","modified_gmt":"2013-11-01T12:41:40","slug":"tja-ist-was-passiert-in-der-letzten","status":"publish","type":"post","link":"https:\/\/www.andreas-edler.de\/blog\/2004\/08\/tja-ist-was-passiert-in-der-letzten\/","title":{"rendered":"Wochenstand"},"content":{"rendered":"<p>Tja, ist was passiert in der letzten Woche? N\u00f6, eigentlich nicht. Tim kann freih\u00e4ndig stehen, wir haben im Garten ein bi\u00dfchen aufger\u00e4umt und es hat schon eine Woche lang nicht geregnet.<\/p>\n<p>Es sieht so aus, als ob es auch die n\u00e4chsten 5 Tage noch mindestens 30\u00b0 warm werden wird. Super zum fahrradfahren &#8211; auch wenn ich es Freitag und Samstag ein wenig \u00fcbertrieben habe. Bin wohl etwas hei\u00df gelaufen und hatte Samstagabend und Sonntag fiese Kopfschmerzen. Gestern war eine langsame Runde mit einem Arbeitskollegen aber sehr entspannend. 26er Schnitt und ich habe nicht mal richtig geschwitzt *g*<\/p>\n<p>Abends dann die frisch eingetroffene &#8222;Hellboy&#8220; DVD in den Player geschoben. Feines Action-Kino!<\/p>\n<p>Bl\u00f6d ist nur, dass hier im B\u00fcro die Klimaanlage f\u00fcr die Serverr\u00e4ume ausgefallen ist. Haben gerade &#8217;ne Stunde in der prallen Sonne auf dem Kupferdach gestanden bzw. im unged\u00e4mmten Dachboden gewirkt um das Schei\u00dfding wieder halbwegs g\u00e4ngig zu machen. Bin total durch und werde meine Mittagspause in der Dusche verbringen. Warum macht das eigentlich die EDV-Abteilung?<\/p>\n","protected":false},"excerpt":{"rendered":"<p>Tja, ist was passiert in der letzten Woche? N\u00f6, eigentlich nicht. Tim kann freih\u00e4ndig stehen, wir haben im Garten ein bi\u00dfchen aufger\u00e4umt und es hat schon eine Woche lang nicht geregnet. Es sieht so aus, als ob es auch die &hellip;<\/p>\n<p class=\"read-more\"> <a class=\"more-link\" href=\"https:\/\/www.andreas-edler.de\/blog\/2004\/08\/tja-ist-was-passiert-in-der-letzten\/\"> <span class=\"screen-reader-text\">Wochenstand<\/span> Weiterlesen &raquo;<\/a><\/p>\n","protected":false},"author":1,"featured_media":0,"comment_status":"open","ping_status":"open","sticky":false,"template":"","format":"standard","meta":{"ngg_post_thumbnail":0,"activitypub_content_warning":"","activitypub_content_visibility":"","activitypub_max_image_attachments":2,"activitypub_interaction_policy_quote":"anyone","activitypub_status":"","footnotes":""},"categories":[1],"tags":[53],"class_list":["post-4373","post","type-post","status-publish","format-standard","hentry","category-allgemein","tag-wetter"],"share_on_mastodon":{"url":"","error":""},"_links":{"self":[{"href":"https:\/\/www.andreas-edler.de\/blog\/wp-json\/wp\/v2\/posts\/4373","targetHints":{"allow":["GET"]}}],"collection":[{"href":"https:\/\/www.andreas-edler.de\/blog\/wp-json\/wp\/v2\/posts"}],"about":[{"href":"https:\/\/www.andreas-edler.de\/blog\/wp-json\/wp\/v2\/types\/post"}],"author":[{"embeddable":true,"href":"https:\/\/www.andreas-edler.de\/blog\/wp-json\/wp\/v2\/users\/1"}],"replies":[{"embeddable":true,"href":"https:\/\/www.andreas-edler.de\/blog\/wp-json\/wp\/v2\/comments?post=4373"}],"version-history":[{"count":0,"href":"https:\/\/www.andreas-edler.de\/blog\/wp-json\/wp\/v2\/posts\/4373\/revisions"}],"wp:attachment":[{"href":"https:\/\/www.andreas-edler.de\/blog\/wp-json\/wp\/v2\/media?parent=4373"}],"wp:term":[{"taxonomy":"category","embeddable":true,"href":"https:\/\/www.andreas-edler.de\/blog\/wp-json\/wp\/v2\/categories?post=4373"},{"taxonomy":"post_tag","embeddable":true,"href":"https:\/\/www.andreas-edler.de\/blog\/wp-json\/wp\/v2\/tags?post=4373"}],"curies":[{"name":"wp","href":"https:\/\/api.w.org\/{rel}","templated":true}]}}