{"id":40769,"date":"2014-02-26T20:43:53","date_gmt":"2014-02-26T19:43:53","guid":{"rendered":"http:\/\/www.andreas-edler.de\/blog\/?p=40769"},"modified":"2014-02-26T21:46:31","modified_gmt":"2014-02-26T20:46:31","slug":"ampelsituation-mindener-strasse-steinstrasse-eidinghausener-strasse","status":"publish","type":"post","link":"https:\/\/www.andreas-edler.de\/blog\/2014\/02\/ampelsituation-mindener-strasse-steinstrasse-eidinghausener-strasse\/","title":{"rendered":"Ampelsituation Mindener Stra\u00dfe \/ Steinstra\u00dfe \/ Eidinghausener Stra\u00dfe"},"content":{"rendered":"<p>Folgende Mail habe ich eben an die Polizei Minden-L\u00fcbbecke und unsere Verwaltung gesandt:<!--more--><\/p>\n<p><cite>Sehr geehrte Damen und Herren,<br \/>\n<br \/>\nnachdem ich eben in Bad Oeynhausen, an der Kreuzung der Mindener Stra\u00dfe mit der Steinstra\u00dfe, beim Versuch die Mindener Stra\u00dfe in n\u00f6rdlicher Richtung an der Ampelfurt der \u00f6stlichen Seite der Kreuzung zu \u00fcberqueren und dabei von einem rechtsabbiegenden Klenlaster fast umgefahren wurde, habe ich eine Frage zur dortigen Ampel.<br \/>\n<br \/>\nDer Radweg an der Steinstra\u00dfe in Fahrtrichtung Norden ist benutzungspflichtig und wird in Richtung Osten an der Mindener Stra\u00dfe weiter gef\u00fchrt. Auf der n\u00f6rdlichen Seite der Mindener Stra\u00dfe ist ebenfalls ein benutzungspflichtiger Radweg, welcher auf der Eidinghausener Stra\u00dfe in Richtung Norden weiter gef\u00fchrt wird. Die Verbindung dieser Radwege erfolgt mittels der Querung mit Lichtzeichenanlage.<br \/>\n<br \/>\n<img decoding=\"async\" style=\"float:right; margin-left:10px;\" src=\"http:\/\/www.andreas-edler.de\/grafik\/logo_rad.png\" alt=\"Logo: Fahrrad\" title=\"Logo: Fahrrad\" width=\"250\" border=\"0\"> W\u00e4hrend ich also die Steinstra\u00dfe in n\u00f6rdlicher Richtung befuhr, um die Mindener Stra\u00dfe mit Ziel Eidinghausener Stra\u00dfe zu queren, zeigte sowohl die Ampel f\u00fcr den KFZ Verkehr geradeaus, als auch f\u00fcr die rechtsabbiegenden KFZ als auch f\u00fcr die Querung der Fu\u00dfg\u00e4nger und Radfahrer &#8222;gr\u00fcn&#8220;. So weit, so ungew\u00f6hnlich. Diese ungl\u00fcckliche Situation hat man bauartbedingt fast \u00fcberall.<br \/>\n<br \/>\nDie Ampel f\u00fcr die Fu\u00dfg\u00e4nger ziert tats\u00e4chlich nur ein Fu\u00dfg\u00e4ngerpiktogramm. Eine separate Querung f\u00fcr Radfahrer ist dort nicht markiert. Benutzungspflichtige Radwege f\u00fchren wie beschrieben jeweils zu der Querung.<br \/>\n<br \/>\nWie darf ich als Radfahrer diese Querung benutzen? Gilt f\u00fcr mich das gr\u00fcne Licht der KFZ (so k\u00f6nnte man die StVO auslegen). Darf ich diese Querung als Radfahrer gar nicht fahrend nutzen (Was mir ein \u00e4lterer Herr, welcher den Vorfall mit dem abbiegenden Lieferwagen beobachtete mit seiner Aussage &#8222;Ich h\u00e4tte Dich auch umgefahren, Du Arschloch!&#8220; wohl mitteilen wollte, w\u00e4hrend er zu seinem auf dem Radweg der Mindener Stra\u00dfe geparkten Auto ging.).<br \/>\n<br \/>\nOder gilt f\u00fcr Radfahrer \u00a7 37 Abs. 2 Nr. 6 StVO &#8222;An Lichtzeichenanlagen mit Radverkehrsf\u00fchrungen ohne besondere Lichtzeichen f\u00fcr Rad Fahrende m\u00fcssen Rad Fahrende bis zum 31. Dezember 2016 weiterhin die Lichtzeichen f\u00fcr zu Fu\u00df Gehende beachten, soweit eine Radfahrerfurt an eine Fu\u00dfg\u00e4ngerfurt grenzt.&#8220;? Eigentlich meine bis dato gedacht richtige L\u00f6sung. Dem w\u00fcrde widersprechen, dass zwar vor und hinter der Furt benutzungspflichtige Radwege vorhanden sind, diese auf der Furt aber nicht besonders markiert wurden.<br \/>\n<br \/>\nIch w\u00fcrde mich sehr freuen, wenn ich hier eine erhellende Antwort sowohl seitens der Polizei als auch der Verwaltung bekommen w\u00fcrde. Es kommt dort regelm\u00e4\u00dfig zu brenzligen Situationen &#8211; nicht zuletzt deshalb bekommen Sch\u00fcler eine Busfahrkarte, sofern sie aus den n\u00f6rdlichen Stadtteilen zum Schulzentrum S\u00fcd fahren.<br \/>\n<br \/>\nEin wenig Aufkl\u00e4rung w\u00e4re hier hilfreich! Vielen Dank f\u00fcr die Antwort im voraus.<br \/>\n<br \/>\nMit freundlichen Gr\u00fc\u00dfen<br \/>\n<br \/>\nAndreas Edler<br \/>\n<br \/>\nPS.: Die Antwort werde ich selbstverst\u00e4ndlich auf meinem Blog neben der hier gestellten Frage zitieren. Ist ja von allgemeinem Interesse.<\/cite><br \/>\nEin Kind, welches mit dem Rad die Querung genutzt h\u00e4tte, w\u00e4re unter dem Lieferwagen gelandet, weil es garantiert nicht so reagieren kann &#8230;<\/p>\n","protected":false},"excerpt":{"rendered":"<p>Folgende Mail habe ich eben an die Polizei Minden-L\u00fcbbecke und unsere Verwaltung gesandt:<\/p>\n","protected":false},"author":1,"featured_media":0,"comment_status":"open","ping_status":"open","sticky":false,"template":"","format":"standard","meta":{"ngg_post_thumbnail":0,"activitypub_content_warning":"","activitypub_content_visibility":"","activitypub_max_image_attachments":2,"activitypub_interaction_policy_quote":"anyone","activitypub_status":"","footnotes":""},"categories":[14,15,13],"tags":[127,71,76,72],"class_list":["post-40769","post","type-post","status-publish","format-standard","hentry","category-bad-oeynhausen","category-fahrrad","category-verkehr","tag-polizei","tag-regeln","tag-sicherheit","tag-verwaltung"],"share_on_mastodon":{"url":"","error":""},"_links":{"self":[{"href":"https:\/\/www.andreas-edler.de\/blog\/wp-json\/wp\/v2\/posts\/40769","targetHints":{"allow":["GET"]}}],"collection":[{"href":"https:\/\/www.andreas-edler.de\/blog\/wp-json\/wp\/v2\/posts"}],"about":[{"href":"https:\/\/www.andreas-edler.de\/blog\/wp-json\/wp\/v2\/types\/post"}],"author":[{"embeddable":true,"href":"https:\/\/www.andreas-edler.de\/blog\/wp-json\/wp\/v2\/users\/1"}],"replies":[{"embeddable":true,"href":"https:\/\/www.andreas-edler.de\/blog\/wp-json\/wp\/v2\/comments?post=40769"}],"version-history":[{"count":0,"href":"https:\/\/www.andreas-edler.de\/blog\/wp-json\/wp\/v2\/posts\/40769\/revisions"}],"wp:attachment":[{"href":"https:\/\/www.andreas-edler.de\/blog\/wp-json\/wp\/v2\/media?parent=40769"}],"wp:term":[{"taxonomy":"category","embeddable":true,"href":"https:\/\/www.andreas-edler.de\/blog\/wp-json\/wp\/v2\/categories?post=40769"},{"taxonomy":"post_tag","embeddable":true,"href":"https:\/\/www.andreas-edler.de\/blog\/wp-json\/wp\/v2\/tags?post=40769"}],"curies":[{"name":"wp","href":"https:\/\/api.w.org\/{rel}","templated":true}]}}