{"id":31747,"date":"2014-02-06T22:16:28","date_gmt":"2014-02-06T21:16:28","guid":{"rendered":"http:\/\/www.andreas-edler.de\/blog\/?p=31747"},"modified":"2014-02-06T22:16:28","modified_gmt":"2014-02-06T21:16:28","slug":"alles-gut-2","status":"publish","type":"post","link":"https:\/\/www.andreas-edler.de\/blog\/2014\/02\/alles-gut-2\/","title":{"rendered":"Alles gut?"},"content":{"rendered":"<p>Das scheint die g\u00e4ngige Begr\u00fc\u00dfungsformel zu sein oder zu werden. Jedenfalls habe ich die in den letzten Jahren immer h\u00e4ufiger geh\u00f6rt. Meist begeleitet von einem breiten, freundlichen L\u00e4cheln. Und ich glaube sogar, dass es dann wirklich freundlich gemeint ist. <\/p>\n<div class=\"bild\" style=\"font-size: smaller;\"><img decoding=\"async\" src=\"http:\/\/www.andreas-edler.de\/grafik\/blog_2014\/20140206_tiffy.jpg\" alt=\"\" title=\"\" width=\"250\" border=\"0\"><\/div>\n<p> Aber nein, es ist nicht &#8222;alles gut&#8220;. Vor sieben Monaten ist mein Vater gestorben. Ich komme da immer noch nicht so richtig mit klar. Das ist nicht gut. Das erz\u00e4hle ich aber nicht, wenn ich begr\u00fc\u00dft werde. Morgen w\u00e4re Papa 72 Jahre alt geworden und ich denke schon seit Wochen daran. Das ist auch nicht so gut, weil es von anderen Dingen ablenkt. Erz\u00e4hle ich aber auch nicht.<\/p>\n<p>Heute am sp\u00e4ten Nachmittag schrieb mir meine Schwester, dass <a href=\"http:\/\/www.birgit-edler.de\/wp\/askja\/\">&#8222;unser&#8220; Hund Tiffy<\/a> gestorben ist. Tiffy war schon fast 14 Jahre alt, hat Tim mit gro\u00df gezogen und war ein total lieber Hund. Leider bekam sie im letzten Jahr eine Fettgeschwulst am rechten Vorderlauf, die ziemlich schnell immer gr\u00f6\u00dfer wurde. Zwar verursachte die Geschwulst keine Schmerzen, behinderte sie seit der letzten Woche aber so stark, dass sie nicht mehr richtig laufen konnte. Das ist ebenfalls nicht gut. Heute war es dann leider vorbei. Und ich bin richtig traurig. Nicht gut.<\/p>\n<p>Ich begr\u00fc\u00dfe niemanden mit &#8222;Alles gut?&#8220;, weil ich es niemandem \u00fcbel nehme, dass er das in dem Augenblick gar nicht sagen m\u00f6chte. Und ich vielleicht von anderen auch gar nicht wissen m\u00f6chte, warum es gerade nicht so gut ist. Ich glaube, bei Freunden wei\u00df ich das auch ohne diese Floskel. Ich finde &#8222;Hallo&#8220; ist eine perfekte Begr\u00fc\u00dfungsformel! <\/p>\n","protected":false},"excerpt":{"rendered":"<p>Das scheint die g\u00e4ngige Begr\u00fc\u00dfungsformel zu sein oder zu werden. Jedenfalls habe ich die in den letzten Jahren immer h\u00e4ufiger geh\u00f6rt. Meist begeleitet von einem breiten, freundlichen L\u00e4cheln. Und ich glaube sogar, dass es dann wirklich freundlich gemeint ist. Aber &hellip;<\/p>\n<p class=\"read-more\"> <a class=\"more-link\" href=\"https:\/\/www.andreas-edler.de\/blog\/2014\/02\/alles-gut-2\/\"> <span class=\"screen-reader-text\">Alles gut?<\/span> Weiterlesen &raquo;<\/a><\/p>\n","protected":false},"author":1,"featured_media":0,"comment_status":"open","ping_status":"open","sticky":false,"template":"","format":"standard","meta":{"ngg_post_thumbnail":0,"activitypub_content_warning":"","activitypub_content_visibility":"","activitypub_max_image_attachments":2,"activitypub_interaction_policy_quote":"anyone","activitypub_status":"","footnotes":""},"categories":[1],"tags":[],"class_list":["post-31747","post","type-post","status-publish","format-standard","hentry","category-allgemein"],"share_on_mastodon":{"url":"","error":""},"_links":{"self":[{"href":"https:\/\/www.andreas-edler.de\/blog\/wp-json\/wp\/v2\/posts\/31747","targetHints":{"allow":["GET"]}}],"collection":[{"href":"https:\/\/www.andreas-edler.de\/blog\/wp-json\/wp\/v2\/posts"}],"about":[{"href":"https:\/\/www.andreas-edler.de\/blog\/wp-json\/wp\/v2\/types\/post"}],"author":[{"embeddable":true,"href":"https:\/\/www.andreas-edler.de\/blog\/wp-json\/wp\/v2\/users\/1"}],"replies":[{"embeddable":true,"href":"https:\/\/www.andreas-edler.de\/blog\/wp-json\/wp\/v2\/comments?post=31747"}],"version-history":[{"count":0,"href":"https:\/\/www.andreas-edler.de\/blog\/wp-json\/wp\/v2\/posts\/31747\/revisions"}],"wp:attachment":[{"href":"https:\/\/www.andreas-edler.de\/blog\/wp-json\/wp\/v2\/media?parent=31747"}],"wp:term":[{"taxonomy":"category","embeddable":true,"href":"https:\/\/www.andreas-edler.de\/blog\/wp-json\/wp\/v2\/categories?post=31747"},{"taxonomy":"post_tag","embeddable":true,"href":"https:\/\/www.andreas-edler.de\/blog\/wp-json\/wp\/v2\/tags?post=31747"}],"curies":[{"name":"wp","href":"https:\/\/api.w.org\/{rel}","templated":true}]}}