{"id":29932,"date":"2014-02-02T20:14:49","date_gmt":"2014-02-02T19:14:49","guid":{"rendered":"http:\/\/www.andreas-edler.de\/blog\/?p=29932"},"modified":"2014-02-02T20:14:49","modified_gmt":"2014-02-02T19:14:49","slug":"nachmittagsrunde-6","status":"publish","type":"post","link":"https:\/\/www.andreas-edler.de\/blog\/2014\/02\/nachmittagsrunde-6\/","title":{"rendered":"Nachmittagsrunde"},"content":{"rendered":"<p>Habe heute morgen kurz die <a href=\"http:\/\/www.birgit-edler.de\">Schwester<\/a> und meine Mama besucht und mal nach dem rechten gesehen. Die Telekom wollte <a href=\"http:\/\/www.andreas-edler.de\/blog\/2011\/01\/pppoe-fehler-zeituberschreitung\/\" title=\"PPPoe-Fehler: Zeit\u00fcberschreitung\">in Oberbecksen mal wieder kein Internet<\/a> zur Verf\u00fcgung stellen und ich habe der DSL-Hotline ein Ticket geschenkt. War dann noch kurz mit dem Jungen im Wald und <a href=\"https:\/\/twitter.com\/filmfacts\/status\/429972798036262913\">haben den Bach inspiziert<\/a> bzw. die B\u00e4ume begutachtet. Da sind ein paar abgebrochen und h\u00e4ngen quer in Astgabeln, da muss ich mal mit der Kettens\u00e4ge ran. Was ein super Wetter wir hatten! Deshalb habe ich wieder zu Hause auch gleich das Rad gesattelt. <\/p>\n<p style=\"text-align:center;font-size: smaller;\"><img decoding=\"async\" src=\"http:\/\/www.andreas-edler.de\/grafik\/blog_2014\/20140202_pano_kappenberg.jpg\" width=\"470\" border=\"0\" alt=\"\" title=\"\"><\/p>\n<p> Bin r\u00fcber nach L\u00f6hne, den Wittel rauf, zur Lohe und dann \u00fcber den Kappenberg zur\u00fcck. Ausgezeichnet. Wie kommt es, dass ich so wenig andere Radfahrer gesehen habe? Es war geniales Wetter zum Fahren! Wahrscheinlich waren die Autofahrer deswegen so n\u00f6lig, wenn sie mich geschnitten haben. Die mussten alle im Kasten sitzen :-)<\/p>\n<p>20,5 Km | 48,9 Km\/h max. | 22,0 Km\/ h Schnitt | 212 H\u00f6henmeter<!--more--><\/p>\n<p style=\"text-align:center;font-size: smaller;\"><iframe width='465' height='548' frameborder='0' src='http:\/\/connect.garmin.com:80\/activity\/embed\/439606539'><\/iframe><\/p>\n","protected":false},"excerpt":{"rendered":"<p>Habe heute morgen kurz die Schwester und meine Mama besucht und mal nach dem rechten gesehen. Die Telekom wollte in Oberbecksen mal wieder kein Internet zur Verf\u00fcgung stellen und ich habe der DSL-Hotline ein Ticket geschenkt. War dann noch kurz &hellip;<\/p>\n<p class=\"read-more\"> <a class=\"more-link\" href=\"https:\/\/www.andreas-edler.de\/blog\/2014\/02\/nachmittagsrunde-6\/\"> <span class=\"screen-reader-text\">Nachmittagsrunde<\/span> Weiterlesen &raquo;<\/a><\/p>\n","protected":false},"author":1,"featured_media":0,"comment_status":"open","ping_status":"open","sticky":false,"template":"","format":"standard","meta":{"ngg_post_thumbnail":0,"activitypub_content_warning":"","activitypub_content_visibility":"","activitypub_max_image_attachments":2,"activitypub_interaction_policy_quote":"anyone","activitypub_status":"","footnotes":""},"categories":[15],"tags":[53],"class_list":["post-29932","post","type-post","status-publish","format-standard","hentry","category-fahrrad","tag-wetter"],"share_on_mastodon":{"url":"","error":""},"_links":{"self":[{"href":"https:\/\/www.andreas-edler.de\/blog\/wp-json\/wp\/v2\/posts\/29932","targetHints":{"allow":["GET"]}}],"collection":[{"href":"https:\/\/www.andreas-edler.de\/blog\/wp-json\/wp\/v2\/posts"}],"about":[{"href":"https:\/\/www.andreas-edler.de\/blog\/wp-json\/wp\/v2\/types\/post"}],"author":[{"embeddable":true,"href":"https:\/\/www.andreas-edler.de\/blog\/wp-json\/wp\/v2\/users\/1"}],"replies":[{"embeddable":true,"href":"https:\/\/www.andreas-edler.de\/blog\/wp-json\/wp\/v2\/comments?post=29932"}],"version-history":[{"count":0,"href":"https:\/\/www.andreas-edler.de\/blog\/wp-json\/wp\/v2\/posts\/29932\/revisions"}],"wp:attachment":[{"href":"https:\/\/www.andreas-edler.de\/blog\/wp-json\/wp\/v2\/media?parent=29932"}],"wp:term":[{"taxonomy":"category","embeddable":true,"href":"https:\/\/www.andreas-edler.de\/blog\/wp-json\/wp\/v2\/categories?post=29932"},{"taxonomy":"post_tag","embeddable":true,"href":"https:\/\/www.andreas-edler.de\/blog\/wp-json\/wp\/v2\/tags?post=29932"}],"curies":[{"name":"wp","href":"https:\/\/api.w.org\/{rel}","templated":true}]}}