{"id":28810,"date":"2014-01-31T17:54:53","date_gmt":"2014-01-31T16:54:53","guid":{"rendered":"http:\/\/www.andreas-edler.de\/blog\/?p=28810"},"modified":"2014-01-31T17:54:53","modified_gmt":"2014-01-31T16:54:53","slug":"quadcopter-udi-u818a-nach-etwas-ueber-einem-monat","status":"publish","type":"post","link":"https:\/\/www.andreas-edler.de\/blog\/2014\/01\/quadcopter-udi-u818a-nach-etwas-ueber-einem-monat\/","title":{"rendered":"Quadcopter UDI U818A nach etwas \u00fcber einem Monat"},"content":{"rendered":"<p>Der <a href=\"http:\/\/www.andreas-edler.de\/blog\/2014\/01\/quadcopter-udi-u818a\/\" title=\"Quadcopter UDI U818A\">UDI U818A<\/a> ist bei Amazon seit kurz nach dem Weihnachtsgesch\u00e4ft nicht mehr lieferbar. Lag wohl unter vielen Weihnachtsb\u00e4umen in Geschenkpapier verpackt. Inzwischen kann man bei einem H\u00e4ndler wieder Ger\u00e4te bekommen, aber eben nicht von Amazon direkt. Und das ist doof f\u00fcr uns. Denn seit dem 11. Januar haben wir den Quadcopter nicht mehr im Haus &#8211; bzw. nicht mehr in Benutzung. Seitdem verweigerte die Fernbedienung die Kopplung mit dem Copter und somit konnte man damit auch nichts mehr anfangen. Am 11. habe ich dann eine Ersatzlieferung angefordert und wollte auf die Zusendung warten, um danach unser Ger\u00e4t zur\u00fcck zu schicken.<!--more--><\/p>\n<p>Der Plan w\u00e4re aber wohl nicht aufgegangen, weil man bei Amazon nach Anfordern einer Ersatzlieferung genau einen Monat Zeit hat, um das alte Ger\u00e4t zur\u00fcck zu schicken, sonst muss man den Ersatz bezahlen. Und da der UDI U818A immer noch auch &#8222;nicht lieferbar&#8220; steht, habe ich Anfang der Woche meinen Teil der R\u00fccksendung erledigt. Nun warten wir auf das Austauschger\u00e4t. In den Kommentaren zum Ger\u00e4t auf Amazon gibt es inzwischen \u00fcbrigens einige Berichte, die genau den gleichen Fehler beschreiben. Tolle Wurst. Ansonsten machte das Teil echt Spa\u00df!<\/p>\n","protected":false},"excerpt":{"rendered":"<p>Der UDI U818A ist bei Amazon seit kurz nach dem Weihnachtsgesch\u00e4ft nicht mehr lieferbar. Lag wohl unter vielen Weihnachtsb\u00e4umen in Geschenkpapier verpackt. Inzwischen kann man bei einem H\u00e4ndler wieder Ger\u00e4te bekommen, aber eben nicht von Amazon direkt. Und das ist &hellip;<\/p>\n<p class=\"read-more\"> <a class=\"more-link\" href=\"https:\/\/www.andreas-edler.de\/blog\/2014\/01\/quadcopter-udi-u818a-nach-etwas-ueber-einem-monat\/\"> <span class=\"screen-reader-text\">Quadcopter UDI U818A nach etwas \u00fcber einem Monat<\/span> Weiterlesen &raquo;<\/a><\/p>\n","protected":false},"author":1,"featured_media":0,"comment_status":"open","ping_status":"open","sticky":false,"template":"","format":"standard","meta":{"ngg_post_thumbnail":0,"activitypub_content_warning":"","activitypub_content_visibility":"","activitypub_max_image_attachments":2,"activitypub_interaction_policy_quote":"anyone","activitypub_status":"","footnotes":""},"categories":[1],"tags":[153,64,33],"class_list":["post-28810","post","type-post","status-publish","format-standard","hentry","category-allgemein","tag-geschenke","tag-konsum","tag-service"],"share_on_mastodon":{"url":"","error":""},"_links":{"self":[{"href":"https:\/\/www.andreas-edler.de\/blog\/wp-json\/wp\/v2\/posts\/28810","targetHints":{"allow":["GET"]}}],"collection":[{"href":"https:\/\/www.andreas-edler.de\/blog\/wp-json\/wp\/v2\/posts"}],"about":[{"href":"https:\/\/www.andreas-edler.de\/blog\/wp-json\/wp\/v2\/types\/post"}],"author":[{"embeddable":true,"href":"https:\/\/www.andreas-edler.de\/blog\/wp-json\/wp\/v2\/users\/1"}],"replies":[{"embeddable":true,"href":"https:\/\/www.andreas-edler.de\/blog\/wp-json\/wp\/v2\/comments?post=28810"}],"version-history":[{"count":0,"href":"https:\/\/www.andreas-edler.de\/blog\/wp-json\/wp\/v2\/posts\/28810\/revisions"}],"wp:attachment":[{"href":"https:\/\/www.andreas-edler.de\/blog\/wp-json\/wp\/v2\/media?parent=28810"}],"wp:term":[{"taxonomy":"category","embeddable":true,"href":"https:\/\/www.andreas-edler.de\/blog\/wp-json\/wp\/v2\/categories?post=28810"},{"taxonomy":"post_tag","embeddable":true,"href":"https:\/\/www.andreas-edler.de\/blog\/wp-json\/wp\/v2\/tags?post=28810"}],"curies":[{"name":"wp","href":"https:\/\/api.w.org\/{rel}","templated":true}]}}