{"id":21843,"date":"2014-01-16T22:10:35","date_gmt":"2014-01-16T21:10:35","guid":{"rendered":"http:\/\/www.andreas-edler.de\/blog\/?p=21843"},"modified":"2014-01-16T22:10:35","modified_gmt":"2014-01-16T21:10:35","slug":"unterschiedliche-erklaerungen","status":"publish","type":"post","link":"https:\/\/www.andreas-edler.de\/blog\/2014\/01\/unterschiedliche-erklaerungen\/","title":{"rendered":"Unterschiedliche Erkl\u00e4rungen"},"content":{"rendered":"<p>In Bielefeld jagt ein Autofahrer einen Rennradler und die Pressemeldung bringt nur die Sichtweise des Radfahrers? :-o <cite>NW-News: <b><a href=\"http:\/\/mobil.nw-news.de\/serv\/NW\/Evg9t2jiVmzL?favo_id=2&#038;com=newsnwggendeXHT2&#038;fid=2&#038;nid=10173954\">Stra\u00dfenduell zwischen Autofahrer und Radler eskaliert<\/a><\/b><br \/>\n&#8230; sei der Mann von einem silbernen Mazda \u00fcberholt worden. Dabei habe der Autofahrer mehrfach gehupt, sei direkt vor ihm eingeschert und habe eine Vollbremsung gemacht. Der Triathlet bremste ebenfalls, prallte jedoch auf den hinteren Sto\u00dff\u00e4nger des Wagens &#8230;<\/cite> Auch die weiteren Schilderungen lesen sich f\u00fcr mich glaubhaft. Bin selber schon verfolgt worden, nachdem ich einem Autofahrer erkl\u00e4rt habe, warum er nicht direkt vor mir auf dem Radweg parken sollte. Warum der Text aber in der Teaserzeile mit &#8222;Zum Ablauf gibt es unterschiedliche Erkl\u00e4rungen.&#8220; \u00fcberschrieben ist und dann lapidar den Satz <cite>Der Autofahrer wandte sich ebenfalls an die Polizei, schilderte den Sachverhalt aber ganz anders und erstattete ebenfalls eine Anzeige.<\/cite> ohne weitere Ausf\u00fchrungen bietet, erschlie\u00dft sich mir nicht. Liest sich irgendwie so, als w\u00e4re der &#8222;andere Sachverhalt&#8220; derart abstrus, dass ihn nicht mal die Polizei widergeben wollte.<\/p>\n<p>V\u00f6llig untypische Meldung jedenfalls.<\/p>\n","protected":false},"excerpt":{"rendered":"<p>In Bielefeld jagt ein Autofahrer einen Rennradler und die Pressemeldung bringt nur die Sichtweise des Radfahrers? :-o NW-News: Stra\u00dfenduell zwischen Autofahrer und Radler eskaliert &#8230; sei der Mann von einem silbernen Mazda \u00fcberholt worden. Dabei habe der Autofahrer mehrfach gehupt, &hellip;<\/p>\n<p class=\"read-more\"> <a class=\"more-link\" href=\"https:\/\/www.andreas-edler.de\/blog\/2014\/01\/unterschiedliche-erklaerungen\/\"> <span class=\"screen-reader-text\">Unterschiedliche Erkl\u00e4rungen<\/span> Weiterlesen &raquo;<\/a><\/p>\n","protected":false},"author":1,"featured_media":0,"comment_status":"open","ping_status":"open","sticky":false,"template":"","format":"standard","meta":{"ngg_post_thumbnail":0,"activitypub_content_warning":"","activitypub_content_visibility":"","activitypub_max_image_attachments":2,"activitypub_interaction_policy_quote":"anyone","activitypub_status":"","footnotes":""},"categories":[15,13],"tags":[34,59,71],"class_list":["post-21843","post","type-post","status-publish","format-standard","hentry","category-fahrrad","category-verkehr","tag-kommunikation","tag-presse","tag-regeln"],"share_on_mastodon":{"url":"","error":""},"_links":{"self":[{"href":"https:\/\/www.andreas-edler.de\/blog\/wp-json\/wp\/v2\/posts\/21843","targetHints":{"allow":["GET"]}}],"collection":[{"href":"https:\/\/www.andreas-edler.de\/blog\/wp-json\/wp\/v2\/posts"}],"about":[{"href":"https:\/\/www.andreas-edler.de\/blog\/wp-json\/wp\/v2\/types\/post"}],"author":[{"embeddable":true,"href":"https:\/\/www.andreas-edler.de\/blog\/wp-json\/wp\/v2\/users\/1"}],"replies":[{"embeddable":true,"href":"https:\/\/www.andreas-edler.de\/blog\/wp-json\/wp\/v2\/comments?post=21843"}],"version-history":[{"count":0,"href":"https:\/\/www.andreas-edler.de\/blog\/wp-json\/wp\/v2\/posts\/21843\/revisions"}],"wp:attachment":[{"href":"https:\/\/www.andreas-edler.de\/blog\/wp-json\/wp\/v2\/media?parent=21843"}],"wp:term":[{"taxonomy":"category","embeddable":true,"href":"https:\/\/www.andreas-edler.de\/blog\/wp-json\/wp\/v2\/categories?post=21843"},{"taxonomy":"post_tag","embeddable":true,"href":"https:\/\/www.andreas-edler.de\/blog\/wp-json\/wp\/v2\/tags?post=21843"}],"curies":[{"name":"wp","href":"https:\/\/api.w.org\/{rel}","templated":true}]}}