{"id":21627,"date":"2014-01-13T22:01:20","date_gmt":"2014-01-13T21:01:20","guid":{"rendered":"http:\/\/www.andreas-edler.de\/blog\/?p=21627"},"modified":"2014-01-13T22:01:20","modified_gmt":"2014-01-13T21:01:20","slug":"gefaehrliche-kanten","status":"publish","type":"post","link":"https:\/\/www.andreas-edler.de\/blog\/2014\/01\/gefaehrliche-kanten\/","title":{"rendered":"Gef\u00e4hrliche Kanten"},"content":{"rendered":"<p>Ich bin schon unter ganz sch\u00f6n viele Unterf\u00fchrungen durch gefahren. Auch an sch\u00e4tzungsweise hunderten, die an Flu\u00dfradwegen angelegt waren. Ich kann mich wirklich an keine Unterf\u00fchrung erinnern, bei der der Weg mit Bordsteinen zur Seite extra gef\u00e4hrlich gemacht wurde wie auf der n\u00f6rdlichen Seite der Unterf\u00fchrung der Nordumgehung entlang der Werre. <\/p>\n<p style=\"text-align:center;font-size: smaller;\"><img decoding=\"async\" src=\"http:\/\/www.andreas-edler.de\/grafik\/blog_2014\/20140113_radweg_unter_nordumgehung.jpg\" width=\"470\" border=\"0\" alt=\"\" title=\"\"><\/p>\n<p><!--more--> Ich vermute, der Weg ist fertiggestellt, denn auf beiden Seiten ist der Anschlu\u00df an den Asphalt des Weges potteben. Nur unter der Br\u00fccke ist nach rechts und links ein Bordstein angelegt, so dass Radfahrer im Begegnungsverkehr mit Fu\u00dfg\u00e4ngern, Kinderwagen, Rollatoren oder schwankenden Inlinern Gefahr laufen, sich ganz gepflegt auf die Nase zu legen, wenn sie an die Kante kommen. Ausweichen unm\u00f6glich &#8211; Toll! <\/p>\n<p style=\"text-align:center;font-size: smaller;\"><img decoding=\"async\" src=\"http:\/\/www.andreas-edler.de\/grafik\/blog_2014\/20140113_radweg_unter_nordumgehung_2.jpg\" width=\"470\" border=\"0\" alt=\"\" title=\"\"><\/p>\n<p> Das sieht jetzt auch nicht erst ein paar Tage so aus, dass ist schon ein paar Monate so. Insofern deutet es tats\u00e4chlich auf &#8222;Endausbau&#8220; hin. Die Unterf\u00fchrung in L\u00f6hne entlang der Werre mag man sich als positives Beispiel einmal ansehen. Warum hier in Oeynhausen wieder so ein Murks angelegt wurde &#8230; tja. Oder wird das noch mit Asphalt aufgef\u00fcllt? Sieht ja nicht so aus.<\/p>\n","protected":false},"excerpt":{"rendered":"<p>Ich bin schon unter ganz sch\u00f6n viele Unterf\u00fchrungen durch gefahren. Auch an sch\u00e4tzungsweise hunderten, die an Flu\u00dfradwegen angelegt waren. Ich kann mich wirklich an keine Unterf\u00fchrung erinnern, bei der der Weg mit Bordsteinen zur Seite extra gef\u00e4hrlich gemacht wurde wie &hellip;<\/p>\n<p class=\"read-more\"> <a class=\"more-link\" href=\"https:\/\/www.andreas-edler.de\/blog\/2014\/01\/gefaehrliche-kanten\/\"> <span class=\"screen-reader-text\">Gef\u00e4hrliche Kanten<\/span> Weiterlesen &raquo;<\/a><\/p>\n","protected":false},"author":1,"featured_media":0,"comment_status":"open","ping_status":"open","sticky":false,"template":"","format":"standard","meta":{"ngg_post_thumbnail":0,"activitypub_content_warning":"","activitypub_content_visibility":"","activitypub_max_image_attachments":2,"activitypub_interaction_policy_quote":"anyone","activitypub_status":"","footnotes":""},"categories":[14,15,13],"tags":[76],"class_list":["post-21627","post","type-post","status-publish","format-standard","hentry","category-bad-oeynhausen","category-fahrrad","category-verkehr","tag-sicherheit"],"share_on_mastodon":{"url":"","error":""},"_links":{"self":[{"href":"https:\/\/www.andreas-edler.de\/blog\/wp-json\/wp\/v2\/posts\/21627","targetHints":{"allow":["GET"]}}],"collection":[{"href":"https:\/\/www.andreas-edler.de\/blog\/wp-json\/wp\/v2\/posts"}],"about":[{"href":"https:\/\/www.andreas-edler.de\/blog\/wp-json\/wp\/v2\/types\/post"}],"author":[{"embeddable":true,"href":"https:\/\/www.andreas-edler.de\/blog\/wp-json\/wp\/v2\/users\/1"}],"replies":[{"embeddable":true,"href":"https:\/\/www.andreas-edler.de\/blog\/wp-json\/wp\/v2\/comments?post=21627"}],"version-history":[{"count":0,"href":"https:\/\/www.andreas-edler.de\/blog\/wp-json\/wp\/v2\/posts\/21627\/revisions"}],"wp:attachment":[{"href":"https:\/\/www.andreas-edler.de\/blog\/wp-json\/wp\/v2\/media?parent=21627"}],"wp:term":[{"taxonomy":"category","embeddable":true,"href":"https:\/\/www.andreas-edler.de\/blog\/wp-json\/wp\/v2\/categories?post=21627"},{"taxonomy":"post_tag","embeddable":true,"href":"https:\/\/www.andreas-edler.de\/blog\/wp-json\/wp\/v2\/tags?post=21627"}],"curies":[{"name":"wp","href":"https:\/\/api.w.org\/{rel}","templated":true}]}}